{"id":119879,"date":"2025-05-22T16:37:14","date_gmt":"2025-05-22T16:37:14","guid":{"rendered":"https:\/\/www.europesays.com\/fr\/119879\/"},"modified":"2025-05-22T16:37:14","modified_gmt":"2025-05-22T16:37:14","slug":"grenoble-ferme-pendant-plusieurs-mois-ce-magasin-de-mode-populaire-rouvre-enfin","status":"publish","type":"post","link":"https:\/\/www.europesays.com\/fr\/119879\/","title":{"rendered":"Grenoble. Ferm\u00e9 pendant plusieurs mois, ce magasin de mode populaire rouvre enfin"},"content":{"rendered":"<p>            Par<br \/>\n        <strong><br \/>\n            <a href=\"https:\/\/actu.fr\/auteur\/redaction-grenoble\" title=\"Consulter tous les articles de R\u00e9daction Grenoble\" rel=\"nofollow noopener\" target=\"_blank\">R\u00e9daction Grenoble<\/a><br \/>\n        <\/strong><\/p>\n<p>        Publi\u00e9 le<\/p>\n<p>            22 mai 2025 \u00e0 17h46        <\/p>\n<p>L\u2019enseigne de pr\u00eat-\u00e0-porter et de chaussures <strong>G\u00e9mo<\/strong> change de look.<\/p>\n<p class=\" wall-content\">Ferm\u00e9 plusieurs mois \u00e0 cause de travaux de r\u00e9am\u00e9nagement, le magasin grenoblois de la marque, au 139 avenue Gabriel-P\u00e9ri \u00e0 <a href=\"https:\/\/actu.fr\/auvergne-rhone-alpes\/saint-martin-d-heres_38421\" rel=\"nofollow noopener\" target=\"_blank\">Saint-Martin-d\u2019H\u00e8res<\/a>, va \u00e0 nouveau accueillir ses clients d\u00e8s <strong>vendredi 23 mai<\/strong>.<\/p>\n<p>    <a href=\"https:\/\/www.google.com\/maps\/embed?pb=!1m18!1m12!1m3!1d2812.108537335425!2d5.767757400000001!3d45.184899099999996!2m3!1f0!2f0!3f0!3m2!1i1024!2i768!4f13.1!3m3!1m2!1s0x478af50ef59c7a21%3A0x8040da3c9c833165!2sGEMO%20GRENOBLE%20-%20ST%20MARTIN%20D%27HERES%20Chaussures%20et%20V%C3%AAtements!5e0!3m2!1sfr!2sfr!4v1747924988915!5m2!1sfr!2sfr\" title=\"Ouvrie le lien\" rel=\"nofollow noopener\" target=\"_blank\">Cliquez ici pour visualiser le contenu<\/a><\/p>\n<p>Des marques en exclusivit\u00e9<\/p>\n<p class=\" wall-content\">Pour sa r\u00e9ouverture sur une <strong>surface de vente de 1 302 m\u00b2<\/strong>, une s\u00e9lection de v\u00eatements, chaussures et accessoires pour toute la famille est propos\u00e9e.<\/p>\n<p class=\" wall-content\">G\u00e9mo annonce \u00e9galement des marques en exclusivit\u00e9 dans son magasin grenoblois, telles que LuluCastagnette, Adidas, Champion, Skechers ou Ellesse.<\/p>\n<p>Vid\u00e9os : en ce moment sur ActuUn secteur en crise<\/p>\n<p class=\" wall-content\">La marque G\u00e9mo compte aujourd\u2019hui plus de 430 magasins, majoritairement en France, en p\u00e9riph\u00e9rie des grandes villes, et compte pr\u00e8s de 4 000 salari\u00e9s.\u00a0<\/p>\n<p class=\" wall-content\">La r\u00e9ouverture de sa boutique \u00e0 Grenoble intervient alors que plusieurs marques fran\u00e7aises de pr\u00eat-\u00e0-porter traversent une p\u00e9riode difficile, comme <a href=\"https:\/\/actu.fr\/hauts-de-france\/roubaix_59512\/roubaix-camaieu-place-en-liquidation-judiciaire-2-600-emplois-supprimes_54032203.html\" rel=\"nofollow noopener\" target=\"_blank\">Cama\u00efeu<\/a>, <a href=\"https:\/\/actu.fr\/economie\/comptoir-des-cotonniers-et-princesse-tam-tam-envisagent-la-fermeture-de-magasins-en-france_59691321.html\" rel=\"nofollow noopener\" target=\"_blank\">Princesse Tam Tam<\/a>, le Comptoir des Cotonniers, ou plus r\u00e9cemment de <a href=\"https:\/\/actu.fr\/economie\/naf-naf-l-enseigne-de-pret-a-porter-va-demander-son-placement-en-redressement-judiciaire_62669694.html\" rel=\"nofollow noopener\" target=\"_blank\">Naf Naf<\/a> qui a demand\u00e9 son placement en redressement judiciaire.<\/p>\n<p>G\u00e9mo Grenoble \u2013 Saint-Martin-d\u2019H\u00e8res<br \/>139 Avenue Gabriel P\u00e9ri<br \/>Ouverture du lundi au vendredi de 9 heures \u00e0 19 heures du lundi au vendredi<br \/>Le samedi de 9 heures \u00e0 19h30 (ferm\u00e9 le dimanche)<\/p>\n<p class=\" wall-content\">Suivez toute l\u2019actualit\u00e9 de vos villes et m\u00e9dias favoris en vous inscrivant \u00e0 <a href=\"https:\/\/moncompte.actu.fr\" title=\"D\u00e9couvez Mon Actu\" rel=\"nofollow noopener\" data-trk=\"{&quot;cta&quot;:{&quot;action&quot;:&quot;https:\\\/\\\/moncompte.actu.fr&quot;,&quot;category&quot;:&quot;mon compte&quot;,&quot;from&quot;:&quot;article footer&quot;,&quot;name&quot;:&quot;Mon actu&quot;,&quot;type&quot;:&quot;cta&quot;}}\" target=\"_blank\">Mon Actu<\/a>.<\/p>\n","protected":false},"excerpt":{"rendered":"Par R\u00e9daction Grenoble Publi\u00e9 le 22 mai 2025 \u00e0 17h46 L\u2019enseigne de pr\u00eat-\u00e0-porter et de chaussures G\u00e9mo change&hellip;\n","protected":false},"author":2,"featured_media":119880,"comment_status":"","ping_status":"","sticky":false,"template":"","format":"standard","meta":{"footnotes":""},"categories":[9566],"tags":[1111,11,2430,215,33,1777,674,1011,27,2731,12,25,2086,216],"class_list":{"0":"post-119879","1":"post","2":"type-post","3":"status-publish","4":"format-standard","5":"has-post-thumbnail","7":"category-grenoble","8":"tag-actu","9":"tag-actualites","10":"tag-auvergne-rhone-alpes","11":"tag-commerce","12":"tag-economie","13":"tag-eu","14":"tag-europe","15":"tag-fr","16":"tag-france","17":"tag-grenoble","18":"tag-news","19":"tag-republique-francaise","20":"tag-travaux","21":"tag-vie-des-entreprises"},"share_on_mastodon":{"url":"https:\/\/pubeurope.com\/@fr\/114552468002104684","error":""},"_links":{"self":[{"href":"https:\/\/www.europesays.com\/fr\/wp-json\/wp\/v2\/posts\/119879","targetHints":{"allow":["GET"]}}],"collection":[{"href":"https:\/\/www.europesays.com\/fr\/wp-json\/wp\/v2\/posts"}],"about":[{"href":"https:\/\/www.europesays.com\/fr\/wp-json\/wp\/v2\/types\/post"}],"author":[{"embeddable":true,"href":"https:\/\/www.europesays.com\/fr\/wp-json\/wp\/v2\/users\/2"}],"replies":[{"embeddable":true,"href":"https:\/\/www.europesays.com\/fr\/wp-json\/wp\/v2\/comments?post=119879"}],"version-history":[{"count":0,"href":"https:\/\/www.europesays.com\/fr\/wp-json\/wp\/v2\/posts\/119879\/revisions"}],"wp:featuredmedia":[{"embeddable":true,"href":"https:\/\/www.europesays.com\/fr\/wp-json\/wp\/v2\/media\/119880"}],"wp:attachment":[{"href":"https:\/\/www.europesays.com\/fr\/wp-json\/wp\/v2\/media?parent=119879"}],"wp:term":[{"taxonomy":"category","embeddable":true,"href":"https:\/\/www.europesays.com\/fr\/wp-json\/wp\/v2\/categories?post=119879"},{"taxonomy":"post_tag","embeddable":true,"href":"https:\/\/www.europesays.com\/fr\/wp-json\/wp\/v2\/tags?post=119879"}],"curies":[{"name":"wp","href":"https:\/\/api.w.org\/{rel}","templated":true}]}}