{"id":119887,"date":"2025-05-22T16:41:11","date_gmt":"2025-05-22T16:41:11","guid":{"rendered":"https:\/\/www.europesays.com\/fr\/119887\/"},"modified":"2025-05-22T16:41:11","modified_gmt":"2025-05-22T16:41:11","slug":"qui-pour-reprendre-la-concession","status":"publish","type":"post","link":"https:\/\/www.europesays.com\/fr\/119887\/","title":{"rendered":"qui pour reprendre la concession ?"},"content":{"rendered":"<p>Dans le paysage \u00e9conomique de Strasbourg, le March\u00e9 Gare fait figure d\u2019institution. Reconnu d\u2019int\u00e9r\u00eat national depuis 1962, ce march\u00e9 d\u2019o\u00f9 op\u00e8rent une quarantaine de professionnels et grossistes locataires a vocation, comme l\u2019ensemble des MIN diss\u00e9min\u00e9s dans l\u2019Hexagone, \u00e0 s\u00e9curiser l\u2019approvisionnement alimentaire de la population. Sa gestion et son exploitation sont op\u00e9r\u00e9es depuis pr\u00e8s de 60 ans par la <a href=\"https:\/\/www.dna.fr\/economie\/2022\/06\/21\/marche-gare-un-outil-de-travail-a-moderniser\" target=\"_blank\" rel=\"nofollow noopener\">Samins<\/a> , soci\u00e9t\u00e9 d\u2019\u00e9conomie mixte d\u00e9tenue \u00e0 70\u00a0% par l\u2019Eurom\u00e9tropole, la Ville de Strasbourg et la Collectivit\u00e9 europ\u00e9enne d\u2019Alsace.<\/p>\n<p>Alors que cette concession \u2013 \u00ab\u00a0d\u2019une dur\u00e9e anormalement longue\u00a0\u00bb selon un r\u00e9cent&#8230;<\/p>\n","protected":false},"excerpt":{"rendered":"Dans le paysage \u00e9conomique de Strasbourg, le March\u00e9 Gare fait figure d\u2019institution. Reconnu d\u2019int\u00e9r\u00eat national depuis 1962, ce&hellip;\n","protected":false},"author":2,"featured_media":119888,"comment_status":"","ping_status":"","sticky":false,"template":"","format":"standard","meta":{"footnotes":""},"categories":[2820],"tags":[1111,11,2389,2649,130,33,2880,1777,674,107,1011,27,775,12,25,640,2879,216],"class_list":{"0":"post-119887","1":"post","2":"type-post","3":"status-publish","4":"format-standard","5":"has-post-thumbnail","7":"category-strasbourg","8":"tag-actu","9":"tag-actualites","10":"tag-alsace","11":"tag-bas-rhin","12":"tag-consommation","13":"tag-economie","14":"tag-edition-strasbourg","15":"tag-eu","16":"tag-europe","17":"tag-fil-info","18":"tag-fr","19":"tag-france","20":"tag-grand-est","21":"tag-news","22":"tag-republique-francaise","23":"tag-strasbourg","24":"tag-strasbourg-ville","25":"tag-vie-des-entreprises"},"share_on_mastodon":{"url":"https:\/\/pubeurope.com\/@fr\/114552483615916073","error":""},"_links":{"self":[{"href":"https:\/\/www.europesays.com\/fr\/wp-json\/wp\/v2\/posts\/119887","targetHints":{"allow":["GET"]}}],"collection":[{"href":"https:\/\/www.europesays.com\/fr\/wp-json\/wp\/v2\/posts"}],"about":[{"href":"https:\/\/www.europesays.com\/fr\/wp-json\/wp\/v2\/types\/post"}],"author":[{"embeddable":true,"href":"https:\/\/www.europesays.com\/fr\/wp-json\/wp\/v2\/users\/2"}],"replies":[{"embeddable":true,"href":"https:\/\/www.europesays.com\/fr\/wp-json\/wp\/v2\/comments?post=119887"}],"version-history":[{"count":0,"href":"https:\/\/www.europesays.com\/fr\/wp-json\/wp\/v2\/posts\/119887\/revisions"}],"wp:featuredmedia":[{"embeddable":true,"href":"https:\/\/www.europesays.com\/fr\/wp-json\/wp\/v2\/media\/119888"}],"wp:attachment":[{"href":"https:\/\/www.europesays.com\/fr\/wp-json\/wp\/v2\/media?parent=119887"}],"wp:term":[{"taxonomy":"category","embeddable":true,"href":"https:\/\/www.europesays.com\/fr\/wp-json\/wp\/v2\/categories?post=119887"},{"taxonomy":"post_tag","embeddable":true,"href":"https:\/\/www.europesays.com\/fr\/wp-json\/wp\/v2\/tags?post=119887"}],"curies":[{"name":"wp","href":"https:\/\/api.w.org\/{rel}","templated":true}]}}