{"id":119895,"date":"2025-05-22T16:45:19","date_gmt":"2025-05-22T16:45:19","guid":{"rendered":"https:\/\/www.europesays.com\/fr\/119895\/"},"modified":"2025-05-22T16:45:19","modified_gmt":"2025-05-22T16:45:19","slug":"fin-des-recherches-a-nantes","status":"publish","type":"post","link":"https:\/\/www.europesays.com\/fr\/119895\/","title":{"rendered":"fin des recherches \u00e0 Nantes"},"content":{"rendered":"<p>            Par<br \/>\n        <strong><br \/>\n            <a href=\"https:\/\/actu.fr\/auteur\/laurent-fortin\" title=\"Consulter tous les articles de Laurent Fortin\" target=\"_blank\" rel=\"noopener\">Laurent Fortin<\/a><br \/>\n        <\/strong><\/p>\n<p>        Publi\u00e9 le<\/p>\n<p>            22 mai 2025 \u00e0 14h46        <\/p>\n<p>Saine et sauve. Kalinka, 14\u00a0ans, a \u00e9t\u00e9 retrouv\u00e9e<b> dans la nuit du mardi\u00a020 au mercredi 21\u00a0mai.<\/b> Ce jeudi en d\u00e9but d\u2019apr\u00e8s-midi, les <b>autorit\u00e9s ont annonc\u00e9 la bonne nouvelle<\/b>. Elle a \u00e9t\u00e9 rep\u00e9r\u00e9e par <b>la police nationale <\/b>en<a href=\"https:\/\/www.google.com\/maps?sca_esv=086262122deab5e8&amp;rlz=1C1GCEA_enFR1159FR1159&amp;output=search&amp;q=gare+de+Nantes&amp;source=lnms&amp;fbs=ABzOT_BnMAgCWdhr5zilP5f1cnRvOTfukI4uW3GNOK8HUKJ8s-2sCCILB6yXFHsRsH2_utCBYNXE2OCrPaKEgASsaw8KUjHuonjspNTJSzS1lrr4Mc_6OVvFsS1Aj3L_NHDxJxLPO5GsorI0r18taegNOc60ZTfe8lfYlGU6q86REGXRmdR_5X-r_AJt-5hPdt7hE1tZR8NjqVp3fMp553CIk4Nr7hU1QA&amp;entry=mc&amp;ved=1t:200715&amp;ictx=111\" target=\"_blank\" rel=\"noopener\"> gare de Nantes<\/a>. Celle qui \u00e9tait h\u00e9berg\u00e9e \u00e0 la maison des enfants \u00e0<b> <a href=\"https:\/\/actu.fr\/pays-de-la-loire\/basse-goulaine_44009\" target=\"_blank\" rel=\"noopener\">Basse-Goulaine<\/a>,<\/b> n\u2019avait <a href=\"https:\/\/actu.fr\/pays-de-la-loire\/basse-goulaine_44009\/une-adolescente-activement-recherchee-apres-sa-fugue-dun-foyer-pres-de-nantes_62649965.html\" target=\"_blank\" rel=\"noopener\"><b>plus donn\u00e9 de signes de vie depuis le 11\u00a0mai.<\/b><\/a><\/p>\n<p>Une fugue<\/p>\n<p class=\" wall-content\">Ses proches, notamment son fr\u00e8re, avaient donn\u00e9 l\u2019alerte, avant que le p<b>rocureur de la R\u00e9publique ne lance un appel \u00e0 t\u00e9moin.<\/b> L\u2019inqui\u00e9tude d\u2019une possible <b>mauvaise rencontre <\/b>avait pouss\u00e9 \u00e0 un message plus large, alors qu\u2019elle avait \u00e9t\u00e9 <b>aper\u00e7ue une derni\u00e8re fois, \u00e0 Saint-S\u00e9bastien-sur-Loire.<\/b> La gendarmerie nationale a confirm\u00e9 qu\u2019il <b>s\u2019agissait bien d\u2019une fugue.<\/b><\/p>\n<p class=\" wall-content\">Suivez toute l\u2019actualit\u00e9 de vos villes et m\u00e9dias favoris en vous inscrivant \u00e0 <a href=\"https:\/\/moncompte.actu.fr\" title=\"D\u00e9couvez Mon Actu\" rel=\"nofollow noopener\" data-trk=\"{&quot;cta&quot;:{&quot;action&quot;:&quot;https:\\\/\\\/moncompte.actu.fr&quot;,&quot;category&quot;:&quot;mon compte&quot;,&quot;from&quot;:&quot;article footer&quot;,&quot;name&quot;:&quot;Mon actu&quot;,&quot;type&quot;:&quot;cta&quot;}}\" target=\"_blank\">Mon Actu<\/a>.<\/p>\n","protected":false},"excerpt":{"rendered":"Par Laurent Fortin Publi\u00e9 le 22 mai 2025 \u00e0 14h46 Saine et sauve. Kalinka, 14\u00a0ans, a \u00e9t\u00e9 retrouv\u00e9e&hellip;\n","protected":false},"author":2,"featured_media":119896,"comment_status":"","ping_status":"","sticky":false,"template":"","format":"standard","meta":{"footnotes":""},"categories":[2818],"tags":[1111,11,3676,1719,1777,674,118,1011,27,766,12,2636,25,2900],"class_list":{"0":"post-119895","1":"post","2":"type-post","3":"status-publish","4":"format-standard","5":"has-post-thumbnail","7":"category-nantes","8":"tag-actu","9":"tag-actualites","10":"tag-disparition-inquietante","11":"tag-enfants","12":"tag-eu","13":"tag-europe","14":"tag-faits-divers","15":"tag-fr","16":"tag-france","17":"tag-nantes","18":"tag-news","19":"tag-pays-de-la-loire","20":"tag-republique-francaise","21":"tag-vignoble-nantais"},"share_on_mastodon":{"url":"https:\/\/pubeurope.com\/@fr\/114552499345833659","error":""},"_links":{"self":[{"href":"https:\/\/www.europesays.com\/fr\/wp-json\/wp\/v2\/posts\/119895","targetHints":{"allow":["GET"]}}],"collection":[{"href":"https:\/\/www.europesays.com\/fr\/wp-json\/wp\/v2\/posts"}],"about":[{"href":"https:\/\/www.europesays.com\/fr\/wp-json\/wp\/v2\/types\/post"}],"author":[{"embeddable":true,"href":"https:\/\/www.europesays.com\/fr\/wp-json\/wp\/v2\/users\/2"}],"replies":[{"embeddable":true,"href":"https:\/\/www.europesays.com\/fr\/wp-json\/wp\/v2\/comments?post=119895"}],"version-history":[{"count":0,"href":"https:\/\/www.europesays.com\/fr\/wp-json\/wp\/v2\/posts\/119895\/revisions"}],"wp:featuredmedia":[{"embeddable":true,"href":"https:\/\/www.europesays.com\/fr\/wp-json\/wp\/v2\/media\/119896"}],"wp:attachment":[{"href":"https:\/\/www.europesays.com\/fr\/wp-json\/wp\/v2\/media?parent=119895"}],"wp:term":[{"taxonomy":"category","embeddable":true,"href":"https:\/\/www.europesays.com\/fr\/wp-json\/wp\/v2\/categories?post=119895"},{"taxonomy":"post_tag","embeddable":true,"href":"https:\/\/www.europesays.com\/fr\/wp-json\/wp\/v2\/tags?post=119895"}],"curies":[{"name":"wp","href":"https:\/\/api.w.org\/{rel}","templated":true}]}}