{"id":119898,"date":"2025-05-22T16:47:08","date_gmt":"2025-05-22T16:47:08","guid":{"rendered":"https:\/\/www.europesays.com\/fr\/119898\/"},"modified":"2025-05-22T16:47:08","modified_gmt":"2025-05-22T16:47:08","slug":"la-circulation-sera-totalement-interrompue","status":"publish","type":"post","link":"https:\/\/www.europesays.com\/fr\/119898\/","title":{"rendered":"la circulation sera totalement interrompue"},"content":{"rendered":"<p>            Par<br \/>\n        <strong><br \/>\n            <a href=\"https:\/\/actu.fr\/auteur\/aurelien-cardot\" title=\"Consulter tous les articles de Aurelien Cardot\" target=\"_blank\" rel=\"noopener\">Aurelien Cardot<\/a><br \/>\n        <\/strong><\/p>\n<p>        Publi\u00e9 le<\/p>\n<p>            22 mai 2025 \u00e0 17h36        <\/p>\n<p>Le <a href=\"https:\/\/actu.fr\/tag\/pont-chaban-delmas\" target=\"_blank\" rel=\"noopener\">pont Chaban-Delmas<\/a> sera <strong>ferm\u00e9 \u00e0 la circulation<\/strong> entre 5h34 et 6h42, dimanche 25 mai 2025. Pendant un peu plus d\u2019une heure, la circulation automobile, cycliste et pi\u00e9tonne sera totalement interrompue.<\/p>\n<p class=\" wall-content\">Pour traverser d\u2019une rive \u00e0 une autre <a href=\"https:\/\/actu.fr\/bordeaux\/\" target=\"_blank\" rel=\"noopener\">de Bordeaux,<\/a> les automobilistes devront donc rejoindre les ponts les plus proches : <strong>le pont d\u2019Aquitaine<\/strong> et le pont Saint-Jean.<\/p>\n<p>Passage d\u2019un bateau de croisi\u00e8re<\/p>\n<p class=\" wall-content\">Le pont s\u2019\u00e9l\u00e8vera pour laisser passer le paquebot de croisi\u00e8re<strong> Seabourn Sojourn<\/strong>. Long de 198 m\u00e8tres, ce navire luxueux bat pavillon des Bahamas. Il appartient \u00e0 la compagnie am\u00e9ricaine Seabourn, r\u00e9put\u00e9e pour ses croisi\u00e8res haut de gamme. \u00c0 bord : spa, piscine et restaurants gastronomiques.<\/p>\n<p class=\" wall-content\">Le bateau restera \u00e0 quai une nuit, avant de <strong>repartir le lendemain<\/strong>.<\/p>\n<p class=\" wall-content\">Suivez toute l\u2019actualit\u00e9 de vos villes et m\u00e9dias favoris en vous inscrivant \u00e0 <a href=\"https:\/\/moncompte.actu.fr\" title=\"D\u00e9couvez Mon Actu\" rel=\"nofollow noopener\" data-trk=\"{&quot;cta&quot;:{&quot;action&quot;:&quot;https:\\\/\\\/moncompte.actu.fr&quot;,&quot;category&quot;:&quot;mon compte&quot;,&quot;from&quot;:&quot;article footer&quot;,&quot;name&quot;:&quot;Mon actu&quot;,&quot;type&quot;:&quot;cta&quot;}}\" target=\"_blank\">Mon Actu<\/a>.<\/p>\n<ul class=\"ac-article-tag wall-content\">\n<li><a href=\"https:\/\/actu.fr\/tag\/circulation\" data-trk=\"{&quot;cta&quot;:{&quot;action&quot;:&quot;Circulation&quot;,&quot;category&quot;:&quot;tag&quot;,&quot;from&quot;:&quot;article footer&quot;,&quot;name&quot;:&quot;Circulation&quot;,&quot;type&quot;:&quot;cta&quot;}}\" target=\"_blank\" rel=\"noopener\">#Circulation<\/a><\/li>\n<li><a href=\"https:\/\/actu.fr\/tag\/pont-chaban-delmas\" data-trk=\"{&quot;cta&quot;:{&quot;action&quot;:&quot;Pont Chaban-Delmas&quot;,&quot;category&quot;:&quot;tag&quot;,&quot;from&quot;:&quot;article footer&quot;,&quot;name&quot;:&quot;Pont Chaban-Delmas&quot;,&quot;type&quot;:&quot;cta&quot;}}\" target=\"_blank\" rel=\"noopener\">#Pont Chaban-Delmas<\/a><\/li>\n<\/ul>\n","protected":false},"excerpt":{"rendered":"Par Aurelien Cardot Publi\u00e9 le 22 mai 2025 \u00e0 17h36 Le pont Chaban-Delmas sera ferm\u00e9 \u00e0 la circulation&hellip;\n","protected":false},"author":2,"featured_media":119899,"comment_status":"","ping_status":"","sticky":false,"template":"","format":"standard","meta":{"footnotes":""},"categories":[2817],"tags":[1111,11,1997,3542,1777,674,1011,27,12,2219,4399,25,104],"class_list":{"0":"post-119898","1":"post","2":"type-post","3":"status-publish","4":"format-standard","5":"has-post-thumbnail","7":"category-bordeaux","8":"tag-actu","9":"tag-actualites","10":"tag-bordeaux","11":"tag-circulation","12":"tag-eu","13":"tag-europe","14":"tag-fr","15":"tag-france","16":"tag-news","17":"tag-nouvelle-aquitaine","18":"tag-pont-chaban-delmas","19":"tag-republique-francaise","20":"tag-societe"},"share_on_mastodon":{"url":"https:\/\/pubeurope.com\/@fr\/114552507103089299","error":""},"_links":{"self":[{"href":"https:\/\/www.europesays.com\/fr\/wp-json\/wp\/v2\/posts\/119898","targetHints":{"allow":["GET"]}}],"collection":[{"href":"https:\/\/www.europesays.com\/fr\/wp-json\/wp\/v2\/posts"}],"about":[{"href":"https:\/\/www.europesays.com\/fr\/wp-json\/wp\/v2\/types\/post"}],"author":[{"embeddable":true,"href":"https:\/\/www.europesays.com\/fr\/wp-json\/wp\/v2\/users\/2"}],"replies":[{"embeddable":true,"href":"https:\/\/www.europesays.com\/fr\/wp-json\/wp\/v2\/comments?post=119898"}],"version-history":[{"count":0,"href":"https:\/\/www.europesays.com\/fr\/wp-json\/wp\/v2\/posts\/119898\/revisions"}],"wp:featuredmedia":[{"embeddable":true,"href":"https:\/\/www.europesays.com\/fr\/wp-json\/wp\/v2\/media\/119899"}],"wp:attachment":[{"href":"https:\/\/www.europesays.com\/fr\/wp-json\/wp\/v2\/media?parent=119898"}],"wp:term":[{"taxonomy":"category","embeddable":true,"href":"https:\/\/www.europesays.com\/fr\/wp-json\/wp\/v2\/categories?post=119898"},{"taxonomy":"post_tag","embeddable":true,"href":"https:\/\/www.europesays.com\/fr\/wp-json\/wp\/v2\/tags?post=119898"}],"curies":[{"name":"wp","href":"https:\/\/api.w.org\/{rel}","templated":true}]}}