{"id":119908,"date":"2025-05-22T16:52:12","date_gmt":"2025-05-22T16:52:12","guid":{"rendered":"https:\/\/www.europesays.com\/fr\/119908\/"},"modified":"2025-05-22T16:52:12","modified_gmt":"2025-05-22T16:52:12","slug":"mort-de-linventeur-de-letonnant-cercueil-a-deux-jambes","status":"publish","type":"post","link":"https:\/\/www.europesays.com\/fr\/119908\/","title":{"rendered":"Mort de l\u2019inventeur de l\u2019\u00e9tonnant cercueil \u00e0 deux jambes"},"content":{"rendered":"<p><strong>Disparition &#8211; L\u2019artiste belge Phil\u00e9mon Vanorl\u00e9, reconnu pour ses cr\u00e9ations m\u00ealant absurdit\u00e9 et esprit caustique, est mort \u00e0 47 ans<\/strong><\/p>\n<p>L\u2019artiste <a href=\"https:\/\/www.20minutes.fr\/dossier\/belge?at_medium=RSS%20feed&amp;at_campaign=ynews&amp;utm_source=yahoo&amp;utm_medium=rss&amp;utm_campaign=news_feed&amp;utm_content=in_article_link\" rel=\"nofollow noopener\" target=\"_blank\" data-ylk=\"slk:belge;elm:context_link;itc:0;sec:content-canvas\" class=\"link \">belge<\/a> Phil\u00e9mon Vanorl\u00e9, connu pour ses \u0153uvres m\u00ealant absurdit\u00e9 et traits d\u2019esprit, est d\u00e9c\u00e9d\u00e9 \u00e0 l\u2019\u00e2ge de 47 ans, annonce <a href=\"https:\/\/www.lavoixdunord.fr\/1587897\/article\/2025-05-21\/lille-il-avait-invente-le-cercueil-deux-jambes-l-artiste-philemon-vanorle-est?at_medium=RSS%20feed&amp;at_campaign=ynews&amp;utm_source=yahoo&amp;utm_medium=rss&amp;utm_campaign=news_feed&amp;utm_content=in_article_link\" rel=\"nofollow noopener\" target=\"_blank\" data-ylk=\"slk:La Voix du Nord;elm:context_link;itc:0;sec:content-canvas\" class=\"link \">La Voix du Nord<\/a> mercredi. Install\u00e9 \u00e0 <a href=\"https:\/\/www.20minutes.fr\/lille\/?at_medium=RSS%20feed&amp;at_campaign=ynews&amp;utm_source=yahoo&amp;utm_medium=rss&amp;utm_campaign=news_feed&amp;utm_content=in_article_link\" rel=\"nofollow noopener\" target=\"_blank\" data-ylk=\"slk:Lille;elm:context_link;itc:0;sec:content-canvas\" class=\"link \">Lille <\/a>depuis de nombreuses ann\u00e9es, il s\u2019\u00e9tait fait conna\u00eetre avec une cr\u00e9ation embl\u00e9matique : un cercueil \u00e0 deux jambes, une <a href=\"https:\/\/www.20minutes.fr\/arts-stars\/culture\/art_contemporain\/?at_medium=RSS%20feed&amp;at_campaign=ynews&amp;utm_source=yahoo&amp;utm_medium=rss&amp;utm_campaign=news_feed&amp;utm_content=in_article_link\" rel=\"nofollow noopener\" target=\"_blank\" data-ylk=\"slk:\u0153uvre;elm:context_link;itc:0;sec:content-canvas\" class=\"link \">\u0153uvre <\/a>en bois d\u00e9routante.<\/p>\n<p>Cette pi\u00e8ce marquante avait \u00e9t\u00e9 mise aux ench\u00e8res en 2017 lors d\u2019une <a href=\"https:\/\/x.com\/VDNLille\/status\/853191049728151552?at_medium=RSS%20feed&amp;at_campaign=ynews&amp;utm_source=yahoo&amp;utm_medium=rss&amp;utm_campaign=news_feed&amp;utm_content=in_article_link\" rel=\"nofollow noopener\" target=\"_blank\" data-ylk=\"slk:vente organis\u00e9e par VDN Lille M\u00e9tropole;elm:context_link;itc:0;sec:content-canvas\" class=\"link \">vente organis\u00e9e par VDN Lille M\u00e9tropole<\/a>. Ce cercueil, devenu un symbole de l\u2019approche irr\u00e9v\u00e9rencieuse de Vanorl\u00e9, illustrait son talent pour transformer des objets du quotidien en \u0153uvres provocantes.<\/p>\n<p>N\u00e9 \u00e0 <a href=\"https:\/\/www.20minutes.fr\/dossier\/bruxelles?at_medium=RSS%20feed&amp;at_campaign=ynews&amp;utm_source=yahoo&amp;utm_medium=rss&amp;utm_campaign=news_feed&amp;utm_content=in_article_link\" rel=\"nofollow noopener\" target=\"_blank\" data-ylk=\"slk:Bruxelles;elm:context_link;itc:0;sec:content-canvas\" class=\"link \">Bruxelles<\/a> et dipl\u00f4m\u00e9 d\u2019un doctorat en arts plastiques de Paris-1, Phil\u00e9mon Vanorl\u00e9 collaborait depuis 2007 avec Arnaud Verley sous le nom de la Soci\u00e9t\u00e9 Volatile. Son travail, souvent qualifi\u00e9 de politique et absurde, laissera une empreinte durable dans le paysage artistique lillois.<\/p>\n<p><a href=\"https:\/\/www.20minutes.fr\/arts-stars\/culture\/4154976-20250522-lille-mort-inventeur-etonnant-cercueil-deux-jambes?at_medium=RSS%20feed&amp;at_campaign=ynews&amp;utm_source=yahoo&amp;utm_medium=rss&amp;utm_campaign=news_feed&amp;utm_content=read_more_link\" rel=\"nofollow noopener\" target=\"_blank\" data-ylk=\"slk:Lire la suite sur 20minutes;elm:context_link;itc:0;sec:content-canvas\" class=\"link \">Lire la suite sur 20minutes<\/a><\/p>\n<p>\u00c0 lire aussi :<br \/><a href=\"https:\/\/www.20minutes.fr\/justice\/4154365-20250519-royaume-uni-prison-sursis-homme-participe-vol-wc-or?at_medium=RSS%20feed&amp;at_campaign=ynews&amp;utm_source=yahoo&amp;utm_medium=rss&amp;utm_campaign=news_feed&amp;utm_content=related_content_link\" rel=\"nofollow noopener\" target=\"_blank\" data-ylk=\"slk:Royaume-Uni : Prison avec sursis pour un homme qui a particip\u00e9 au vol de WC en or;elm:context_link;itc:0;sec:content-canvas\" class=\"link \">Royaume-Uni : Prison avec sursis pour un homme qui a particip\u00e9 au vol de WC en or<\/a><br \/><a href=\"https:\/\/www.20minutes.fr\/societe\/4137345-20250205-guadeloupe-uvre-exposee-montre-decapite-emmanuel-macron-depose-plainte?at_medium=RSS%20feed&amp;at_campaign=ynews&amp;utm_source=yahoo&amp;utm_medium=rss&amp;utm_campaign=news_feed&amp;utm_content=related_content_link\" rel=\"nofollow noopener\" target=\"_blank\" data-ylk=\"slk:Guadeloupe : Une \u0153uvre expos\u00e9e montre Emmanuel Macron d\u00e9capit\u00e9, le pr\u00e9sident d\u00e9pose plainte;elm:context_link;itc:0;sec:content-canvas\" class=\"link \">Guadeloupe : Une \u0153uvre expos\u00e9e montre Emmanuel Macron d\u00e9capit\u00e9, le pr\u00e9sident d\u00e9pose plainte<\/a><\/p>\n","protected":false},"excerpt":{"rendered":"Disparition &#8211; L\u2019artiste belge Phil\u00e9mon Vanorl\u00e9, reconnu pour ses cr\u00e9ations m\u00ealant absurdit\u00e9 et esprit caustique, est mort \u00e0&hellip;\n","protected":false},"author":2,"featured_media":119909,"comment_status":"","ping_status":"","sticky":false,"template":"","format":"standard","meta":{"footnotes":""},"categories":[2815],"tags":[1111,11,24126,24128,1777,674,1011,27,811,23664,1307,12,24127,25],"class_list":{"0":"post-119908","1":"post","2":"type-post","3":"status-publish","4":"format-standard","5":"has-post-thumbnail","7":"category-lille","8":"tag-actu","9":"tag-actualites","10":"tag-arnaud-verley","11":"tag-cercueil","12":"tag-eu","13":"tag-europe","14":"tag-fr","15":"tag-france","16":"tag-hauts-de-france","17":"tag-la-voix-du-nord","18":"tag-lille","19":"tag-news","20":"tag-philemon-vanorle","21":"tag-republique-francaise"},"share_on_mastodon":{"url":"https:\/\/pubeurope.com\/@fr\/114552526795485339","error":""},"_links":{"self":[{"href":"https:\/\/www.europesays.com\/fr\/wp-json\/wp\/v2\/posts\/119908","targetHints":{"allow":["GET"]}}],"collection":[{"href":"https:\/\/www.europesays.com\/fr\/wp-json\/wp\/v2\/posts"}],"about":[{"href":"https:\/\/www.europesays.com\/fr\/wp-json\/wp\/v2\/types\/post"}],"author":[{"embeddable":true,"href":"https:\/\/www.europesays.com\/fr\/wp-json\/wp\/v2\/users\/2"}],"replies":[{"embeddable":true,"href":"https:\/\/www.europesays.com\/fr\/wp-json\/wp\/v2\/comments?post=119908"}],"version-history":[{"count":0,"href":"https:\/\/www.europesays.com\/fr\/wp-json\/wp\/v2\/posts\/119908\/revisions"}],"wp:featuredmedia":[{"embeddable":true,"href":"https:\/\/www.europesays.com\/fr\/wp-json\/wp\/v2\/media\/119909"}],"wp:attachment":[{"href":"https:\/\/www.europesays.com\/fr\/wp-json\/wp\/v2\/media?parent=119908"}],"wp:term":[{"taxonomy":"category","embeddable":true,"href":"https:\/\/www.europesays.com\/fr\/wp-json\/wp\/v2\/categories?post=119908"},{"taxonomy":"post_tag","embeddable":true,"href":"https:\/\/www.europesays.com\/fr\/wp-json\/wp\/v2\/tags?post=119908"}],"curies":[{"name":"wp","href":"https:\/\/api.w.org\/{rel}","templated":true}]}}