{"id":119911,"date":"2025-05-22T16:54:13","date_gmt":"2025-05-22T16:54:13","guid":{"rendered":"https:\/\/www.europesays.com\/fr\/119911\/"},"modified":"2025-05-22T16:54:13","modified_gmt":"2025-05-22T16:54:13","slug":"social-paris-marseille-pau-les-taxis-toujours-en-colere-comptent-poursuivre-la-mobilisation","status":"publish","type":"post","link":"https:\/\/www.europesays.com\/fr\/119911\/","title":{"rendered":"Social. Paris, Marseille, Pau&#8230; les taxis, toujours en col\u00e8re, comptent poursuivre la mobilisation"},"content":{"rendered":"<p>Routes bloqu\u00e9es, barrages filtrants\u2026 les taxis ne d\u00e9col\u00e8rent pas. Pour le quatri\u00e8me jour cons\u00e9cutif, des centaines de chauffeurs ont manifest\u00e9 ce jeudi, principalement \u00e0 Paris, Marseille et Pau, ville du Premier ministre <a href=\"https:\/\/www.ledauphine.com\/p\/francois-bayrou\" target=\"_blank\" rel=\"nofollow noopener\">Fran\u00e7ois Bayrou<\/a>.<\/p>\n<p>Une rencontre avec Bayrou r\u00e9clam\u00e9e<\/p>\n<p>\u00c0 Paris, ils \u00e9taient 650 selon la police, venus de toute la France, \u00e0 bloquer de nouveau le boulevard Raspail, pr\u00e8s du minist\u00e8re des Transports, et \u00e0 op\u00e9rer des barrages filtrants et ralentissements en p\u00e9riph\u00e9rie.<\/p>\n<p>Dans les Bouches-du-Rh\u00f4ne aussi, plus de 300 taxis ont \u00e0 nouveau investi une des principales art\u00e8res du centre-ville de Marseille, rejoints par des coll\u00e8gues des Alpes-Maritimes, du Var ou encore des Hautes-Alpes.<\/p>\n<p>La ville de Pau, dans les Pyr\u00e9n\u00e9es-Atlantiques, est devenue un des principaux points de convergence pour les chauffeurs. Des centaines de taxis \u00e9taient encore pr\u00e9sents ce jeudi. Ils ont pu \u00e9changer avec <a href=\"https:\/\/www.ledauphine.com\/p\/olivier-faure\" target=\"_blank\" rel=\"nofollow noopener\">Olivier Faure<\/a>, premier secr\u00e9taire du PS, pour d\u00e9dicacer son dernier livre mais ils attendent surtout de pouvoir rencontrer le maire et Premier ministre, Fran\u00e7ois Bayrou, qui n\u2019a pour l\u2019instant pas donn\u00e9 suite \u00e0 leur demande. \u00ab Si le Premier ministre ne souhaite pas de d\u00e9bordement, il doit nous recevoir, sinon il en sera comptable\u200a\u00bb, a lanc\u00e9 St\u00e9phane Abeilhou, l\u2019un des repr\u00e9sentants des taxis venus d\u2019Occitanie.<\/p>\n<p>Gel du projet actuel et tension avec les VTC<\/p>\n<p>Entam\u00e9e lundi par l\u2019intersyndicale des taxis, la mobilisation vise \u00e0 protester contre un projet de nouvelle tarification de l\u2019Assurance maladie sur les <a href=\"https:\/\/www.ledauphine.com\/sante\/2024\/11\/20\/taxis-et-ambulances-partages-ce-que-dit-la-nouvelle-version-du-projet-de-decret\" target=\"_blank\" rel=\"nofollow noopener\">transports de malades par des chauffeurs de taxi conventionn\u00e9s<\/a>. Approuv\u00e9e le 16 mai par le gouvernement, elle doit entrer en vigueur le 1er octobre. L\u2019objectif est de contr\u00f4ler la croissance des d\u00e9penses de transport sanitaire, qui ont atteint 6,74 milliards d\u2019euros en 2024, dont 3,07 milliards pour les taxis conventionn\u00e9s (avec un bond de 45 % depuis 2019). Mais ces trajets vers les h\u00f4pitaux ou cabinets m\u00e9dicaux repr\u00e9sentent la majorit\u00e9 du chiffre d\u2019affaires de nombreux chauffeurs, surtout dans les petites villes. Le secteur se dit pr\u00eat \u00e0 discuter, notamment du transport partag\u00e9 et de \u00ab l\u2019optimisation des co\u00fbts \u00bb. Mais il demande le gel du projet actuel.<\/p>\n<p>Autre motif de la col\u00e8re : la concurrence toujours jug\u00e9e d\u00e9loyale des conducteurs de voitures de transport avec chauffeur (VTC), coordonn\u00e9s par des plateformes comme Uber. Pour tenter d\u2019apaiser les tensions, le minist\u00e8re des Transports a propos\u00e9 mercredi un contr\u00f4le renforc\u00e9 des VTC, notamment contre l\u2019exercice ill\u00e9gal d\u2019activit\u00e9, les maraudes et les racolages ill\u00e9gaux. Une d\u00e9cision jug\u00e9e insuffisante par les taxis, qui annoncent d\u00e9j\u00e0 vouloir poursuivre la mobilisation tant qu\u2019ils ne seront pas entendus.<\/p>\n","protected":false},"excerpt":{"rendered":"Routes bloqu\u00e9es, barrages filtrants\u2026 les taxis ne d\u00e9col\u00e8rent pas. Pour le quatri\u00e8me jour cons\u00e9cutif, des centaines de chauffeurs&hellip;\n","protected":false},"author":2,"featured_media":119912,"comment_status":"","ping_status":"","sticky":false,"template":"","format":"standard","meta":{"footnotes":""},"categories":[2814],"tags":[1111,11,9671,1777,674,107,1011,27,329,884,12,882,25,801,2803,800],"class_list":{"0":"post-119911","1":"post","2":"type-post","3":"status-publish","4":"format-standard","5":"has-post-thumbnail","7":"category-marseille","8":"tag-actu","9":"tag-actualites","10":"tag-conflit-social","11":"tag-eu","12":"tag-europe","13":"tag-fil-info","14":"tag-fr","15":"tag-france","16":"tag-france-monde","17":"tag-marseille","18":"tag-news","19":"tag-provence-alpes-cote-dazur","20":"tag-republique-francaise","21":"tag-social","22":"tag-transport","23":"tag-transports"},"share_on_mastodon":{"url":"https:\/\/pubeurope.com\/@fr\/114552534976633694","error":""},"_links":{"self":[{"href":"https:\/\/www.europesays.com\/fr\/wp-json\/wp\/v2\/posts\/119911","targetHints":{"allow":["GET"]}}],"collection":[{"href":"https:\/\/www.europesays.com\/fr\/wp-json\/wp\/v2\/posts"}],"about":[{"href":"https:\/\/www.europesays.com\/fr\/wp-json\/wp\/v2\/types\/post"}],"author":[{"embeddable":true,"href":"https:\/\/www.europesays.com\/fr\/wp-json\/wp\/v2\/users\/2"}],"replies":[{"embeddable":true,"href":"https:\/\/www.europesays.com\/fr\/wp-json\/wp\/v2\/comments?post=119911"}],"version-history":[{"count":0,"href":"https:\/\/www.europesays.com\/fr\/wp-json\/wp\/v2\/posts\/119911\/revisions"}],"wp:featuredmedia":[{"embeddable":true,"href":"https:\/\/www.europesays.com\/fr\/wp-json\/wp\/v2\/media\/119912"}],"wp:attachment":[{"href":"https:\/\/www.europesays.com\/fr\/wp-json\/wp\/v2\/media?parent=119911"}],"wp:term":[{"taxonomy":"category","embeddable":true,"href":"https:\/\/www.europesays.com\/fr\/wp-json\/wp\/v2\/categories?post=119911"},{"taxonomy":"post_tag","embeddable":true,"href":"https:\/\/www.europesays.com\/fr\/wp-json\/wp\/v2\/tags?post=119911"}],"curies":[{"name":"wp","href":"https:\/\/api.w.org\/{rel}","templated":true}]}}