{"id":119920,"date":"2025-05-22T16:59:08","date_gmt":"2025-05-22T16:59:08","guid":{"rendered":"https:\/\/www.europesays.com\/fr\/119920\/"},"modified":"2025-05-22T16:59:08","modified_gmt":"2025-05-22T16:59:08","slug":"il-y-a-encore-trop-de-trous-dans-la-raquette-la-nouvelle-liste-des-metiers-en-tension-ne-fait-pas-que-des-heureux","status":"publish","type":"post","link":"https:\/\/www.europesays.com\/fr\/119920\/","title":{"rendered":"\u00ab\u00a0Il y a encore trop de trous dans la raquette\u00a0\u00bb\u00a0: la nouvelle liste des m\u00e9tiers en tension ne fait pas que des heureux"},"content":{"rendered":"<p class=\"paragraph text_align_left\">Elle \u00e9tait tr\u00e8s attendue par les professionnels, notamment ceux de <a href=\"https:\/\/www.leparisien.fr\/economie\/emploi\/metiers-en-tension-ces-restaurateurs-simpatientent-cela-fait-des-mois-quon-attend-la-liste-19-05-2025-ZWG6WVUPAZENBNJJXM4UHUBFPQ.php\" rel=\"noopener\" target=\"_blank\">l\u2019h\u00f4tellerie-restauration<\/a>, qui rencontrent des difficult\u00e9s de recrutement et font r\u00e9guli\u00e8rement appel \u00e0 la main-d\u2019\u0153uvre \u00e9trang\u00e8re pour y rem\u00e9dier.<\/p>\n<p class=\"paragraph text_align_left\">La nouvelle liste officielle des \u00ab m\u00e9tiers en tension \u00bb a \u00e9t\u00e9 <a href=\"https:\/\/www.legifrance.gouv.fr\/jorf\/id\/JORFTEXT000051643488?init=true&amp;query=m%C3%A9tiers&amp;searchField=ALL&amp;tab_selection=jorf\" rel=\"noopener\" target=\"_blank\">publi\u00e9e au Journal officiel<\/a> ce jeudi matin. D\u00e9clin\u00e9e par r\u00e9gion, elle recense environ 80 professions (ouvriers du b\u00e2timent, employ\u00e9s de maison, bouchers, manutentionnaires\u2026) dans lesquels il sera plus facile de recruter des immigr\u00e9s extra-europ\u00e9ens.<\/p>\n","protected":false},"excerpt":{"rendered":"Elle \u00e9tait tr\u00e8s attendue par les professionnels, notamment ceux de l\u2019h\u00f4tellerie-restauration, qui rencontrent des difficult\u00e9s de recrutement et&hellip;\n","protected":false},"author":2,"featured_media":119921,"comment_status":"","ping_status":"","sticky":false,"template":"","format":"standard","meta":{"footnotes":""},"categories":[1888],"tags":[1111,1928,11,1927,33,341,1777,674,1011,27,12,1926,626,1925,25],"class_list":{"0":"post-119920","1":"post","2":"type-post","3":"status-publish","4":"format-standard","5":"has-post-thumbnail","7":"category-paris","8":"tag-actu","9":"tag-actu-paris","10":"tag-actualites","11":"tag-actualites-paris","12":"tag-economie","13":"tag-emploi","14":"tag-eu","15":"tag-europe","16":"tag-fr","17":"tag-france","18":"tag-news","19":"tag-news-paris","20":"tag-paris","21":"tag-paris-news","22":"tag-republique-francaise"},"share_on_mastodon":{"url":"https:\/\/pubeurope.com\/@fr\/114552554369815201","error":""},"_links":{"self":[{"href":"https:\/\/www.europesays.com\/fr\/wp-json\/wp\/v2\/posts\/119920","targetHints":{"allow":["GET"]}}],"collection":[{"href":"https:\/\/www.europesays.com\/fr\/wp-json\/wp\/v2\/posts"}],"about":[{"href":"https:\/\/www.europesays.com\/fr\/wp-json\/wp\/v2\/types\/post"}],"author":[{"embeddable":true,"href":"https:\/\/www.europesays.com\/fr\/wp-json\/wp\/v2\/users\/2"}],"replies":[{"embeddable":true,"href":"https:\/\/www.europesays.com\/fr\/wp-json\/wp\/v2\/comments?post=119920"}],"version-history":[{"count":0,"href":"https:\/\/www.europesays.com\/fr\/wp-json\/wp\/v2\/posts\/119920\/revisions"}],"wp:featuredmedia":[{"embeddable":true,"href":"https:\/\/www.europesays.com\/fr\/wp-json\/wp\/v2\/media\/119921"}],"wp:attachment":[{"href":"https:\/\/www.europesays.com\/fr\/wp-json\/wp\/v2\/media?parent=119920"}],"wp:term":[{"taxonomy":"category","embeddable":true,"href":"https:\/\/www.europesays.com\/fr\/wp-json\/wp\/v2\/categories?post=119920"},{"taxonomy":"post_tag","embeddable":true,"href":"https:\/\/www.europesays.com\/fr\/wp-json\/wp\/v2\/tags?post=119920"}],"curies":[{"name":"wp","href":"https:\/\/api.w.org\/{rel}","templated":true}]}}