{"id":119922,"date":"2025-05-22T17:00:09","date_gmt":"2025-05-22T17:00:09","guid":{"rendered":"https:\/\/www.europesays.com\/fr\/119922\/"},"modified":"2025-05-22T17:00:09","modified_gmt":"2025-05-22T17:00:09","slug":"paris-termine-en-rouge-apres-une-salve-de-statistiques-22-05-2025-a-1801","status":"publish","type":"post","link":"https:\/\/www.europesays.com\/fr\/119922\/","title":{"rendered":"Paris: termine en rouge apr\u00e8s une salve de statistiques &#8211; 22\/05\/2025 \u00e0 18:01"},"content":{"rendered":"<p>                                                                (CercleFinance.com) &#8211; La Bourse de Paris r\u00e9duit ses pertes en fin de s\u00e9ance, concluant la journ\u00e9e sur un recul de -0.58%, \u00e0 7864 pts apr\u00e8s avoir c\u00e9d\u00e9 jusqu&rsquo;\u00e0 1,3% en d\u00e9but d&rsquo;apr\u00e8s-midi.<\/p>\n<p>Outre-Atlantique, le Dow Jones et le S&amp;P500 oscillent \u00e9troitement autour de l&rsquo;\u00e9quilibre, le Nasdaq affiche +0,5%.<br \/>\n<br \/>Les derniers chiffres US sont contrast\u00e9s : la surprise du jour, c&rsquo;est le rebond de +1,5Pt de la croissance dans le secteur priv\u00e9.<br \/>\n<br \/>Selon S&amp;P Global, l&rsquo;indice &lsquo;PMI composite&rsquo; bondit de +1,5 et ressort \u00e0 52,1 en estimation flash pour le mois en cours, \u00e0 comparer au plus bas de 19 mois de 50,6 observ\u00e9 en avril.\n<\/p>\n<p>L&rsquo;indice reprend ainsi de la distance par rapport au seuil fatidique des 50 qui s\u00e9pare expansion et contraction de l&rsquo;activit\u00e9 globale.<br \/>\n<br \/>&lsquo;La croissance de l&rsquo;activit\u00e9 et les attentes de production demeurent historiquement faibles, sur fond des inqui\u00e9tudes actuelles au sujet de l&rsquo;impact des droits de douanes sur la demande, les chaines logistiques et les prix&rsquo;, temp\u00e8re S&amp;P Global.\n<\/p>\n<p>La hausse du PMI contraste avec les ventes de maisons existantes aux Etats-Unis : elles se sont tass\u00e9es de 0,5% en avril par rapport au mois pr\u00e9c\u00e9dent, \u00e0 un taux annuel d\u00e9saisonnalis\u00e9 de quatre millions, selon les donn\u00e9es mensuelles communiqu\u00e9es par la National Association of Realtors.\n<\/p>\n<p>Le prix m\u00e9dian des ventes de maisons existantes a augment\u00e9 de 1,8% sur un an pour s&rsquo;\u00e9tablir \u00e0 414.000 dollars, un sommet historique pour le mois d&rsquo;avril et le 22e mois cons\u00e9cutif de hausse des prix d&rsquo;une ann\u00e9e \u00e0 l&rsquo;autre.\n<\/p>\n<p>Enfin, le stock de logements existants invendus a grimp\u00e9 de 9% par rapport au mois pr\u00e9c\u00e9dent pour s&rsquo;\u00e9tablir \u00e0 1,45 million \u00e0 la fin d&rsquo;avril, soit l&rsquo;\u00e9quivalent de 4,4 mois d&rsquo;offre au rythme actuel des ventes mensuelles.\n<\/p>\n<p>Il y a avait \u00e9galement des chiffres en Europe : le climat des affaires en France s&rsquo;assombrit l\u00e9g\u00e8rement en mai, au vu de l&rsquo;indicateur synth\u00e9tique de l&rsquo;Insee qui perd un point pour s&rsquo;\u00e9tablir \u00e0 96, et reste ainsi en de\u00e7\u00e0 de sa moyenne de longue p\u00e9riode (100).\n<\/p>\n<p>L&rsquo;indice PMI flash composite HCOB de l&rsquo;activit\u00e9 globale en France s&rsquo;est \u00e9tabli \u00e0 48 en mai, se maintenant ainsi en dessous de la barre du 50 qui s\u00e9pare la contraction de la croissance pour un neuvi\u00e8me mois cons\u00e9cutif.\n<\/p>\n<p>Selon Frank Walbaum, analyste de march\u00e9 chez Naga, les &lsquo;tarifs&rsquo; de Trump semblent ne plus assombrir les anticipations en Allemagne : l&rsquo;indice-phare allemand avait d\u00e9pass\u00e9 la barre des 24.180 mardi, &lsquo;marquant un sommet historique gr\u00e2ce \u00e0 de solides performances dans les secteurs de la technologie et de la sant\u00e9&rsquo; (avant de finir mercredi soir \u00e0 24.122).\n<\/p>\n<p>Sur l&rsquo;obligataire : les Bunds se d\u00e9gradent encore avec +1Pt \u00e0 2,65%, nos OAT prennent +2Pts \u00e0 3,322%, les BTP italiens +1,5Pt \u00e0 3.662%.\n<\/p>\n<p>Le Dollar se redresse de +0,4% face \u00e0 l&rsquo;euro, \u00e0 1,129$\/E, le &lsquo;$-Index&rsquo; progresse plus modestement de +0,35%.\n<\/p>\n<p>Dans l&rsquo;actualit\u00e9 des valeurs \u00e0 Paris, Sanofi annonce avoir sign\u00e9 un accord en vue de l&rsquo;acquisition de Vigil Neuroscience, soci\u00e9t\u00e9 sp\u00e9cialis\u00e9e dans le d\u00e9veloppement de m\u00e9dicaments innovants pour traiter des maladies neurod\u00e9g\u00e9n\u00e9ratives.\n<\/p>\n<p>Elior Group fait part d&rsquo;une forte am\u00e9lioration de son r\u00e9sultat net \u00e0 43 millions d&rsquo;euros au titre de son premier semestre 2024-25, avec une marge d&rsquo;EBITA ajust\u00e9 de 4,1%, en progression de 90 points de base (+120 points de base en restauration collective).\n<\/p>\n<p>En amont de son &lsquo;Capital Markets Day&rsquo;, Robertet indique qu&rsquo;il estime pouvoir atteindre un chiffre d&rsquo;affaires entre 1,1 et 1,2 milliard d&rsquo;euros \u00e0 horizon 2030, le groupe de parfums et d&rsquo;ar\u00f4mes entendant aussi am\u00e9liorer son niveau d&rsquo;EBITDA au-del\u00e0 de 20%.<\/p>\n","protected":false},"excerpt":{"rendered":"(CercleFinance.com) &#8211; La Bourse de Paris r\u00e9duit ses pertes en fin de s\u00e9ance, concluant la journ\u00e9e sur un&hellip;\n","protected":false},"author":2,"featured_media":9135,"comment_status":"","ping_status":"","sticky":false,"template":"","format":"standard","meta":{"footnotes":""},"categories":[1888],"tags":[400,1111,1928,11,1927,398,408,405,1777,674,1011,27,403,402,399,404,12,1926,626,1925,25,401,406,407],"class_list":{"0":"post-119922","1":"post","2":"type-post","3":"status-publish","4":"format-standard","5":"has-post-thumbnail","7":"category-paris","8":"tag-action-cac-40","9":"tag-actu","10":"tag-actu-paris","11":"tag-actualites","12":"tag-actualites-paris","13":"tag-bourse-de-paris","14":"tag-boursorama","15":"tag-cotations","16":"tag-eu","17":"tag-europe","18":"tag-fr","19":"tag-france","20":"tag-indices-devises","21":"tag-investir","22":"tag-investissement","23":"tag-marche-boursier","24":"tag-news","25":"tag-news-paris","26":"tag-paris","27":"tag-paris-news","28":"tag-republique-francaise","29":"tag-sicav","30":"tag-trackers","31":"tag-warrants"},"share_on_mastodon":{"url":"https:\/\/pubeurope.com\/@fr\/114552558331394297","error":""},"_links":{"self":[{"href":"https:\/\/www.europesays.com\/fr\/wp-json\/wp\/v2\/posts\/119922","targetHints":{"allow":["GET"]}}],"collection":[{"href":"https:\/\/www.europesays.com\/fr\/wp-json\/wp\/v2\/posts"}],"about":[{"href":"https:\/\/www.europesays.com\/fr\/wp-json\/wp\/v2\/types\/post"}],"author":[{"embeddable":true,"href":"https:\/\/www.europesays.com\/fr\/wp-json\/wp\/v2\/users\/2"}],"replies":[{"embeddable":true,"href":"https:\/\/www.europesays.com\/fr\/wp-json\/wp\/v2\/comments?post=119922"}],"version-history":[{"count":0,"href":"https:\/\/www.europesays.com\/fr\/wp-json\/wp\/v2\/posts\/119922\/revisions"}],"wp:featuredmedia":[{"embeddable":true,"href":"https:\/\/www.europesays.com\/fr\/wp-json\/wp\/v2\/media\/9135"}],"wp:attachment":[{"href":"https:\/\/www.europesays.com\/fr\/wp-json\/wp\/v2\/media?parent=119922"}],"wp:term":[{"taxonomy":"category","embeddable":true,"href":"https:\/\/www.europesays.com\/fr\/wp-json\/wp\/v2\/categories?post=119922"},{"taxonomy":"post_tag","embeddable":true,"href":"https:\/\/www.europesays.com\/fr\/wp-json\/wp\/v2\/tags?post=119922"}],"curies":[{"name":"wp","href":"https:\/\/api.w.org\/{rel}","templated":true}]}}