{"id":119927,"date":"2025-05-22T17:03:09","date_gmt":"2025-05-22T17:03:09","guid":{"rendered":"https:\/\/www.europesays.com\/fr\/119927\/"},"modified":"2025-05-22T17:03:09","modified_gmt":"2025-05-22T17:03:09","slug":"encore-cliente-de-ses-engrais-leurope-sanctionne-la-russie-par-des-droits-de-douane","status":"publish","type":"post","link":"https:\/\/www.europesays.com\/fr\/119927\/","title":{"rendered":"Encore cliente de ses engrais, l\u2019Europe sanctionne la Russie par des droits de douane"},"content":{"rendered":"<p><strong>D\u00c9CRYPTAGE<\/strong> &#8211; La mesure commerciale vot\u00e9e au Parlement europ\u00e9en contourne l\u2019obstacle de l\u2019unanimit\u00e9 requise pour les sanctions.<\/p>\n<p class=\"fig-paragraph\">L\u2019Europe accomplit un nouveau pas dans l\u2019isolement de l\u2019\u00e9conomie russe. Le Parlement europ\u00e9en a adopt\u00e9 jeudi, \u00e0 une large majorit\u00e9, un train de mesures commerciales frappant les produits agricoles et les engrais russes.\u00a0<a href=\"http:\/\/www.lefigaro.fr\/conjoncture\/agriculture-l-europe-propose-de-nouvelles-taxes-contre-la-russie-20250128\" target=\"_blank\" data-fig-type=\"NewsFlash\" rel=\"noopener\" data-gtm-custom-categorie=\"navigation\" data-gtm-custom-action=\"crossclick\" data-gtm-custom-label=\"Contextuel\" data-gtm-event=\"customEventSPE\" data-fig-domain=\"LEFIGARO\">La proposition, pr\u00e9sent\u00e9e fin janvier<\/a>\u00a0par la Commission, pr\u00e9voit une augmentation de 15\u00a0% des droits de douane sur les importations agricoles russes et bi\u00e9lorusses non sanctionn\u00e9es auparavant et un droit de douane de 50\u00a0% sur une centaine de produits, en supprimant le statut de \u00ab\u00a0nation la plus favoris\u00e9e\u00a0\u00bb de la Russie.<\/p>\n<p class=\"fig-paragraph\">Les produits concern\u00e9s incluent notamment le sucre, le vinaigre, la farine et les aliments pour animaux. Le texte impose \u00e9galement un droit de douane de 6,5\u00a0% sur les\u00a0<a href=\"https:\/\/www.lefigaro.fr\/conjoncture\/quand-la-russie-offre-des-engrais-pour-s-ouvrir-les-marches-africains-20230702\" target=\"_blank\" data-fig-type=\"Article\" rel=\"noopener\" data-gtm-custom-categorie=\"navigation\" data-gtm-custom-action=\"crossclick\" data-gtm-custom-label=\"Contextuel\" data-gtm-event=\"customEventSPE\" data-fig-domain=\"LEFIGARO\">engrais import\u00e9s de Russie<\/a>\u00a0et de la Bi\u00e9lorussie, assorti d\u2019une taxe comprise entre 40 et 45\u00a0euros par tonne. Ces taxes vont augmenter progressivement au cours des trois prochaines ann\u00e9es, pour atteindre 430\u00a0euros par tonne en 2028.<\/p>\n<p class=\"fig-paragraph\">L\u2019Union europ\u00e9enne a import\u00e9 6,2\u00a0millions de tonnes d\u2019engrais\u2026<\/p>\n<p class=\"fig-premium-paywall__infos\">\n        Cet article est r\u00e9serv\u00e9 aux abonn\u00e9s.        Il vous reste 69% \u00e0 d\u00e9couvrir.\n    <\/p>\n<p>                <img  data- alt=\"Le Figaro\" class=\"fig-img--complete fig-img\"\/><\/p>\n<p class=\"fig-premium-paywall__title\">Vente Flash<\/p>\n<p class=\"fig-premium-paywall__subtitle\">4,99\u20ac par mois pendant 12 mois. Sans engagement.<\/p>\n<p class=\"fig-premium-paywall__connect\">\n                D\u00e9j\u00e0 abonn\u00e9\u00a0?                <a class=\"fig-premium-paywall__connect-link\" href=\"https:\/\/connect.lefigaro.fr\/login?client=horizon_web&amp;type=main&amp;redirect_uri=https%3A%2F%2Fwww.lefigaro.fr%2Fconjoncture%2Fencore-cliente-de-ses-engrais-l-europe-sanctionne-la-russie-par-des-droits-de-douane-20250522\" data-js-gtm=\"{&quot;customCategorie&quot;: &quot;conversion&quot;, &quot;customAction&quot;: &quot;before_Landing_Connexion_paywall_auto&quot;, &quot;customLabel&quot;: &quot;bGVmaWdhcm8uZnJfXzFmMDM3MGZmLWU5YzMtNjkwYy04NjM1LTY5YmM0MGNiNmJkN19fQXJ0aWNsZQ==_Encore cliente de ses engrais, l\u2019Europe sanctionne la Russie par des droits de douane_56&quot;, &quot;customIDSPE&quot;: &quot;bGVmaWdhcm8uZnJfXzFmMDM3MGZmLWU5YzMtNjkwYy04NjM1LTY5YmM0MGNiNmJkN19fQXJ0aWNsZQ==&quot;, &quot;event&quot;: &quot;customEventSPE&quot;}\" target=\"_blank\" rel=\"noopener\"><br \/>\n                    Connectez-vous<br \/>\n                <\/a>\n            <\/p>\n","protected":false},"excerpt":{"rendered":"D\u00c9CRYPTAGE &#8211; La mesure commerciale vot\u00e9e au Parlement europ\u00e9en contourne l\u2019obstacle de l\u2019unanimit\u00e9 requise pour les sanctions. L\u2019Europe&hellip;\n","protected":false},"author":2,"featured_media":119928,"comment_status":"","ping_status":"","sticky":false,"template":"","format":"standard","meta":{"footnotes":""},"categories":[1591],"tags":[339,11,327,340,343,345,350,130,344,352,349,33,341,313,674,1887,346,342,353,351,347,12,348,1885,1886,132,354],"class_list":{"0":"post-119927","1":"post","2":"type-post","3":"status-publish","4":"format-standard","5":"has-post-thumbnail","7":"category-russie","8":"tag-actualite-economique","9":"tag-actualites","10":"tag-agriculture","11":"tag-bourse","12":"tag-cac-40","13":"tag-chef-dentreprise","14":"tag-concurrence","15":"tag-consommation","16":"tag-creation-dentreprise","17":"tag-crise","18":"tag-delocalisations","19":"tag-economie","20":"tag-emploi","21":"tag-entreprises","22":"tag-europe","23":"tag-federation-de-russie","24":"tag-grands-patrons","25":"tag-impots","26":"tag-licenciements","27":"tag-monopole","28":"tag-multinationales","29":"tag-news","30":"tag-privatisation","31":"tag-russia","32":"tag-russian-federation","33":"tag-russie","34":"tag-unio"},"share_on_mastodon":{"url":"https:\/\/pubeurope.com\/@fr\/114552570077968670","error":""},"_links":{"self":[{"href":"https:\/\/www.europesays.com\/fr\/wp-json\/wp\/v2\/posts\/119927","targetHints":{"allow":["GET"]}}],"collection":[{"href":"https:\/\/www.europesays.com\/fr\/wp-json\/wp\/v2\/posts"}],"about":[{"href":"https:\/\/www.europesays.com\/fr\/wp-json\/wp\/v2\/types\/post"}],"author":[{"embeddable":true,"href":"https:\/\/www.europesays.com\/fr\/wp-json\/wp\/v2\/users\/2"}],"replies":[{"embeddable":true,"href":"https:\/\/www.europesays.com\/fr\/wp-json\/wp\/v2\/comments?post=119927"}],"version-history":[{"count":0,"href":"https:\/\/www.europesays.com\/fr\/wp-json\/wp\/v2\/posts\/119927\/revisions"}],"wp:featuredmedia":[{"embeddable":true,"href":"https:\/\/www.europesays.com\/fr\/wp-json\/wp\/v2\/media\/119928"}],"wp:attachment":[{"href":"https:\/\/www.europesays.com\/fr\/wp-json\/wp\/v2\/media?parent=119927"}],"wp:term":[{"taxonomy":"category","embeddable":true,"href":"https:\/\/www.europesays.com\/fr\/wp-json\/wp\/v2\/categories?post=119927"},{"taxonomy":"post_tag","embeddable":true,"href":"https:\/\/www.europesays.com\/fr\/wp-json\/wp\/v2\/tags?post=119927"}],"curies":[{"name":"wp","href":"https:\/\/api.w.org\/{rel}","templated":true}]}}