{"id":119929,"date":"2025-05-22T17:04:10","date_gmt":"2025-05-22T17:04:10","guid":{"rendered":"https:\/\/www.europesays.com\/fr\/119929\/"},"modified":"2025-05-22T17:04:10","modified_gmt":"2025-05-22T17:04:10","slug":"un-marche-des-createurs-et-artisans-pour-soutenir-les-ukrainiens","status":"publish","type":"post","link":"https:\/\/www.europesays.com\/fr\/119929\/","title":{"rendered":"un march\u00e9 des cr\u00e9ateurs et artisans pour soutenir les Ukrainiens"},"content":{"rendered":"<p class=\"heading\">&#8230;pour lire la suite, rejoignez notre communaut\u00e9 d&rsquo;abonn\u00e9s<\/p>\n<p class=\"subtitle\">et acc\u00e9dez \u00e0 l&rsquo;int\u00e9gralit\u00e9 de nos articles sur le site et l&rsquo;application mobile<\/p>\n<p class=\"price-detail\">&#13;<br \/>\n\t\t\t\t\t\t\t\t\t\t\t\t\u00e0 partir de 1 \u20ac  le 1er mois, sans engagement de dur\u00e9e&#13;\n\t\t\t\t\t\t\t\t\t\t\t<\/p>\n<p class=\"listSKU\" style=\"display:none\">{&lsquo;skus&rsquo;: [&lsquo;lprswgpremium16&rsquo;]}<\/p>\n<p class=\"google-sub-infos\">Google : 1\u20ac le 1er mois puis 12,99\u20ac<\/p>\n","protected":false},"excerpt":{"rendered":"&#8230;pour lire la suite, rejoignez notre communaut\u00e9 d&rsquo;abonn\u00e9s et acc\u00e9dez \u00e0 l&rsquo;int\u00e9gralit\u00e9 de nos articles sur le site&hellip;\n","protected":false},"author":2,"featured_media":119930,"comment_status":"","ping_status":"","sticky":false,"template":"","format":"standard","meta":{"footnotes":""},"categories":[1590],"tags":[11,16734,1777,674,21137,12,21136,104,220],"class_list":{"0":"post-119929","1":"post","2":"type-post","3":"status-publish","4":"format-standard","5":"has-post-thumbnail","7":"category-ukraine","8":"tag-actualites","9":"tag-edition-loire-nord","10":"tag-eu","11":"tag-europe","12":"tag-mably-bassin","13":"tag-news","14":"tag-pouilly-les-nonains","15":"tag-societe","16":"tag-ukraine"},"share_on_mastodon":{"url":"https:\/\/pubeurope.com\/@fr\/114552574085341718","error":""},"_links":{"self":[{"href":"https:\/\/www.europesays.com\/fr\/wp-json\/wp\/v2\/posts\/119929","targetHints":{"allow":["GET"]}}],"collection":[{"href":"https:\/\/www.europesays.com\/fr\/wp-json\/wp\/v2\/posts"}],"about":[{"href":"https:\/\/www.europesays.com\/fr\/wp-json\/wp\/v2\/types\/post"}],"author":[{"embeddable":true,"href":"https:\/\/www.europesays.com\/fr\/wp-json\/wp\/v2\/users\/2"}],"replies":[{"embeddable":true,"href":"https:\/\/www.europesays.com\/fr\/wp-json\/wp\/v2\/comments?post=119929"}],"version-history":[{"count":0,"href":"https:\/\/www.europesays.com\/fr\/wp-json\/wp\/v2\/posts\/119929\/revisions"}],"wp:featuredmedia":[{"embeddable":true,"href":"https:\/\/www.europesays.com\/fr\/wp-json\/wp\/v2\/media\/119930"}],"wp:attachment":[{"href":"https:\/\/www.europesays.com\/fr\/wp-json\/wp\/v2\/media?parent=119929"}],"wp:term":[{"taxonomy":"category","embeddable":true,"href":"https:\/\/www.europesays.com\/fr\/wp-json\/wp\/v2\/categories?post=119929"},{"taxonomy":"post_tag","embeddable":true,"href":"https:\/\/www.europesays.com\/fr\/wp-json\/wp\/v2\/tags?post=119929"}],"curies":[{"name":"wp","href":"https:\/\/api.w.org\/{rel}","templated":true}]}}