{"id":119974,"date":"2025-05-22T17:30:10","date_gmt":"2025-05-22T17:30:10","guid":{"rendered":"https:\/\/www.europesays.com\/fr\/119974\/"},"modified":"2025-05-22T17:30:10","modified_gmt":"2025-05-22T17:30:10","slug":"nelson-monfort-pascal-praud-et-patrick-poivre-darvor-reunis-aux-obseques-de-daniel-bilalian-a-neuilly","status":"publish","type":"post","link":"https:\/\/www.europesays.com\/fr\/119974\/","title":{"rendered":"Nelson Monfort, Pascal Praud et Patrick Poivre d\u2019Arvor r\u00e9unis aux obs\u00e8ques de Daniel Bilalian, \u00e0 Neuilly"},"content":{"rendered":"<p><strong>DIAPORAMA &#8211;<\/strong> Plusieurs figures du petit \u00e9cran et du journalisme sportif ont assist\u00e9, ce jeudi apr\u00e8s-midi, aux fun\u00e9railles de l\u2019ancien pr\u00e9sentateur, mort le 14 mai \u00e0 l\u2019\u00e2ge de 78 ans.<\/p>\n<p class=\"fig-paragraph\">La foule r\u00e9unie, ce jeudi apr\u00e8s-midi, devant les portes de l\u2019\u00e9glise Saint-Pierre, rappelait les \u00e9tats de service de\u00a0<a href=\"http:\/\/tvmag.lefigaro.fr\/programme-tv\/actu-tele\/c-est-une-immense-tristesse-pour-nous-ses-anciens-collegues-les-jt-de-france-2-et-tf1-saluent-daniel-bilalian-20250515\" target=\"_blank\" data-fig-type=\"Article\" rel=\"noopener\" data-gtm-custom-categorie=\"navigation\" data-gtm-custom-action=\"crossclick\" data-gtm-custom-label=\"Contextuel\" data-gtm-event=\"customEventSPE\" data-fig-domain=\"TVMAG\"><strong>Daniel Bilalian<\/strong><\/a>, le pilier du service public d\u00e9c\u00e9d\u00e9 le 14 mai \u00e0 l\u2019\u00e2ge de 78 ans. Pr\u00e9sentateur embl\u00e9matique du journal t\u00e9l\u00e9vis\u00e9 d\u2019Antenne 2, puis de France 2, il est devenu par la suite chef du service des sports \u00e0\u00a0<a href=\"http:\/\/www.lefigaro.fr\/medias\/delphine-ernotte-reconduite-a-la-tete-de-france-televisions-il-y-a-une-forme-de-chasse-au-service-public-et-je-n-ai-pas-l-intention-de-me-laisser-faire-20250518\" target=\"_blank\" data-fig-type=\"Article\" rel=\"noopener\" data-gtm-custom-categorie=\"navigation\" data-gtm-custom-action=\"crossclick\" data-gtm-custom-label=\"Contextuel\" data-gtm-event=\"customEventSPE\" data-fig-domain=\"LEFIGARO\">France T\u00e9l\u00e9visions<\/a>. Un service que, de JO en tournois de Roland-Garros, il a marqu\u00e9 de son empreinte durant dix ans, de 2005 \u00e0 2016.<\/p>\n<p class=\"fig-body-link\">\n            \u00c0 lire aussi<br \/>\n        <a class=\"fig-body-link__link\" href=\"http:\/\/tvmag.lefigaro.fr\/programme-tv\/actu-tele\/daniel-bilalian-ex-presentateur-des-jt-de-france-televisions-est-mort-a-78-ans-20250515\" target=\"_blank\" data-fig-type=\"NewsFlash\" rel=\"noopener\" data-gtm-custom-categorie=\"navigation\" data-gtm-custom-action=\"crossclick\" data-gtm-custom-label=\"Contextuel\" data-gtm-event=\"customEventSPE\" data-fig-domain=\"TVMAG\">Daniel Bilalian, ex-pr\u00e9sentateur des JT de France T\u00e9l\u00e9visions, est mort \u00e0 78 ans<br \/>\n    <\/a>\n<\/p>\n<p class=\"fig-paragraph\">L\u2019on ne s\u2019\u00e9tonnera donc pas d\u2019apercevoir, dans la foule r\u00e9unie \u00e0 Neuilly-sur-Seine, le journaliste sportif et animateur\u00a0<a href=\"http:\/\/tvmag.lefigaro.fr\/programme-tv\/people\/laurent-luyat-patrick-chene-michel-denisot-les-personnalites-tele-rendent-hommage-a-daniel-bilalian-20250515\" target=\"_blank\" data-fig-type=\"Article\" rel=\"noopener\" data-gtm-custom-categorie=\"navigation\" data-gtm-custom-action=\"crossclick\" data-gtm-custom-label=\"Contextuel\" data-gtm-event=\"customEventSPE\" data-fig-domain=\"TVMAG\">Laurent Luyat<\/a>\u00a0ou Nelson Monfort. Ancien coll\u00e8gue et ami de Daniel Bilalian, Monfort lui avait rendu\u00a0<a href=\"http:\/\/tvmag.lefigaro.fr\/programme-tv\/actu-tele\/il-defendait-enormement-ses-troupes-nelson-monfort-et-philippe-candeloro-saluent-la-memoire-de-daniel-bilalian-20250515\" target=\"_blank\" data-fig-type=\"Article\" rel=\"noopener\" data-gtm-custom-categorie=\"navigation\" data-gtm-custom-action=\"crossclick\" data-gtm-custom-label=\"Contextuel\" data-gtm-event=\"customEventSPE\" data-fig-domain=\"TVMAG\">un long hommage<\/a>\u00a0\u00e0 sa disparition\u00a0: \u00ab\u00a0S\u2019il y avait un mot qui le caract\u00e9risait, c\u2019est celui de l\u2019\u00e9l\u00e9gance. (&#8230;) C\u2019est un gar\u00e7on qui avait un vrai respect pour le journalisme et les journalistes. Il d\u00e9fendait toujours \u00e9norm\u00e9ment ses troupes.\u00a0\u00bb<\/p>\n<p class=\"fig-paragraph\">Parmi les v\u00e9t\u00e9rans du journalisme sportif pr\u00e9sents,\u00a0<a href=\"http:\/\/tvmag.lefigaro.fr\/programme-tv\/actu-tele\/c-etait-un-mec-formidable-un-ami-la-vive-emotion-de-gerard-holtz-apres-la-mort-de-daniel-bilalian-20250515\" target=\"_blank\" data-fig-type=\"Article\" rel=\"noopener\" data-gtm-custom-categorie=\"navigation\" data-gtm-custom-action=\"crossclick\" data-gtm-custom-label=\"Contextuel\" data-gtm-event=\"customEventSPE\" data-fig-domain=\"TVMAG\">G\u00e9rard Holtz<\/a>, qui a eu Bilalian pour patron lorsqu\u2019il travaillait \u00e0 \u00abStade 2\u00bb, a pu croiser Daniel Lauclair et\u00a0<a href=\"https:\/\/tvmag.lefigaro.fr\/programme-tv\/lionel-chamoulaud-rafael-nadal-m-a-invite-a-voir-son-match_1e96d762-8389-11e9-8c5a-f1757c47ac5c\" target=\"_blank\" data-fig-type=\"Article\" rel=\"noopener\" data-gtm-custom-categorie=\"navigation\" data-gtm-custom-action=\"crossclick\" data-gtm-custom-label=\"Contextuel\" data-gtm-event=\"customEventSPE\" data-fig-domain=\"TVMAG\">Lionel Chamoulaud<\/a>. Ainsi que\u00a0<a href=\"http:\/\/tvmag.lefigaro.fr\/programme-tv\/actu-tele\/les-gens-en-ont-assez-des-donneurs-de-lecons-pascal-praud-etrille-le-festival-de-cannes-sur-cnews-20250519\" target=\"_blank\" data-fig-type=\"Article\" rel=\"noopener\" data-gtm-custom-categorie=\"navigation\" data-gtm-custom-action=\"crossclick\" data-gtm-custom-label=\"Contextuel\" data-gtm-event=\"customEventSPE\" data-fig-domain=\"TVMAG\">Pascal Praud<\/a>, chroniqueur football pendant vingt ans sur TF1 avant de devenir, des ann\u00e9es plus tard, \u00e9ditorialiste vedette sur CNews. \u00ab\u00a0Daniel Bilalian \u00e9tait un mec formidable, un ami et un grand patron. Il \u00e9tait un journaliste visc\u00e9ral, continuait de lire toute la presse et de suivre la politique\u00a0\u00bb, avait t\u00e9moign\u00e9 G\u00e9rard Holtz le 15 mai dernier.<\/p>\n<p class=\"fig-paragraph\">Apr\u00e8s son d\u00e9part de France T\u00e9l\u00e9visions,\u00a0<a href=\"http:\/\/tvmag.lefigaro.fr\/programme-tv\/actu-tele\/partir-a-78-ans-c-est-bien-tot-michel-drucker-rend-hommage-a-daniel-bilalian-20250515\" target=\"_blank\" data-fig-type=\"Article\" rel=\"noopener\" data-gtm-custom-categorie=\"navigation\" data-gtm-custom-action=\"crossclick\" data-gtm-custom-label=\"Contextuel\" data-gtm-event=\"customEventSPE\" data-fig-domain=\"TVMAG\">Daniel Bilalian<\/a>\u00a0avait continu\u00e9 de commenter l\u2019actualit\u00e9 \u00e0 la t\u00e9l\u00e9vision, avec ce verbe franc qui avait fait sa notori\u00e9t\u00e9. Il a aussi republi\u00e9, en 2014, un ouvrage sur les prisonniers fran\u00e7ais pendant la Seconde Guerre mondiale, \u00e9crit plus jeune. Une autre facette de ce journaliste volontiers pince-sans-rire qui, selon\u00a0<a href=\"http:\/\/tvmag.lefigaro.fr\/programme-tv\/people\/laurent-luyat-patrick-chene-michel-denisot-les-personnalites-tele-rendent-hommage-a-daniel-bilalian-20250515\" target=\"_blank\" data-fig-type=\"Article\" rel=\"noopener\" data-gtm-custom-categorie=\"navigation\" data-gtm-custom-action=\"crossclick\" data-gtm-custom-label=\"Contextuel\" data-gtm-event=\"customEventSPE\" data-fig-domain=\"TVMAG\">les hommages de ses confr\u00e8res<\/a>, m\u00ealait rigueur et \u00e9l\u00e9gance.<\/p>\n","protected":false},"excerpt":{"rendered":"DIAPORAMA &#8211; Plusieurs figures du petit \u00e9cran et du journalisme sportif ont assist\u00e9, ce jeudi apr\u00e8s-midi, aux fun\u00e9railles&hellip;\n","protected":false},"author":2,"featured_media":119975,"comment_status":"","ping_status":"","sticky":false,"template":"","format":"standard","meta":{"footnotes":""},"categories":[8],"tags":[976,1000,22014,58,59,1011,27,1714,1718,14333,1713,10160,973,1717,1715,1716,24133],"class_list":{"0":"post-119974","1":"post","2":"type-post","3":"status-publish","4":"format-standard","5":"has-post-thumbnail","7":"category-divertissement","8":"tag-actu-people","9":"tag-celebrites","10":"tag-daniel-bilalian","11":"tag-divertissement","12":"tag-entertainment","13":"tag-fr","14":"tag-france","15":"tag-info-people","16":"tag-infos-people-du-jour","17":"tag-nelson-monfort","18":"tag-news-people","19":"tag-pascal-praud","20":"tag-people","21":"tag-photo-people","22":"tag-potins-de-stars","23":"tag-potins-people","24":"tag-ppda"},"share_on_mastodon":{"url":"https:\/\/pubeurope.com\/@fr\/114552676309329073","error":""},"_links":{"self":[{"href":"https:\/\/www.europesays.com\/fr\/wp-json\/wp\/v2\/posts\/119974","targetHints":{"allow":["GET"]}}],"collection":[{"href":"https:\/\/www.europesays.com\/fr\/wp-json\/wp\/v2\/posts"}],"about":[{"href":"https:\/\/www.europesays.com\/fr\/wp-json\/wp\/v2\/types\/post"}],"author":[{"embeddable":true,"href":"https:\/\/www.europesays.com\/fr\/wp-json\/wp\/v2\/users\/2"}],"replies":[{"embeddable":true,"href":"https:\/\/www.europesays.com\/fr\/wp-json\/wp\/v2\/comments?post=119974"}],"version-history":[{"count":0,"href":"https:\/\/www.europesays.com\/fr\/wp-json\/wp\/v2\/posts\/119974\/revisions"}],"wp:featuredmedia":[{"embeddable":true,"href":"https:\/\/www.europesays.com\/fr\/wp-json\/wp\/v2\/media\/119975"}],"wp:attachment":[{"href":"https:\/\/www.europesays.com\/fr\/wp-json\/wp\/v2\/media?parent=119974"}],"wp:term":[{"taxonomy":"category","embeddable":true,"href":"https:\/\/www.europesays.com\/fr\/wp-json\/wp\/v2\/categories?post=119974"},{"taxonomy":"post_tag","embeddable":true,"href":"https:\/\/www.europesays.com\/fr\/wp-json\/wp\/v2\/tags?post=119974"}],"curies":[{"name":"wp","href":"https:\/\/api.w.org\/{rel}","templated":true}]}}