{"id":119981,"date":"2025-05-22T17:34:09","date_gmt":"2025-05-22T17:34:09","guid":{"rendered":"https:\/\/www.europesays.com\/fr\/119981\/"},"modified":"2025-05-22T17:34:09","modified_gmt":"2025-05-22T17:34:09","slug":"loire-tortures-et-brulures-au-chalumeau-sur-sa-compagne-pendant-des-jours-un-homme-arrete-pour-violences","status":"publish","type":"post","link":"https:\/\/www.europesays.com\/fr\/119981\/","title":{"rendered":"Loire. Tortures et brulures au chalumeau sur sa compagne pendant des jours un homme arrete pour violences"},"content":{"rendered":"<p>C\u2019est un v\u00e9ritable d\u00e9ferlement de haine et de violences qui s\u2019est jou\u00e9 dans le huis clos de cet appartement de la rue de la R\u00e9publique, en plein c\u0153ur du centre-ville de Saint-Chamond, o\u00f9 une femme a \u00e9t\u00e9 sauv\u00e9e mercredi 21\u00a0mai en fin d\u2019apr\u00e8s-midi par des \u00e9quipes de secours.<\/p>\n<p>  \u00ab Une sc\u00e8ne d\u2019horreur \u00bb<\/p>\n<p>Selon nos informations, un important dispositif, compos\u00e9 de policiers et de sapeurs-pompiers, a \u00e9t\u00e9 d\u00e9ploy\u00e9 dans cette art\u00e8re pi\u00e9tonne et commer\u00e7ante, vers 17\u00a0h\u00a030, pour secourir une femme \u00e2g\u00e9e de 27 ans, victime d\u2019actes <a href=\"https:\/\/www.leprogres.fr\/faits-divers-justice\/2025\/04\/22\/comment-les-forces-de-police-luttent-contre-les-violences-intrafamiliales\" target=\"_blank\" rel=\"nofollow noopener\">de violences et de tortures r\u00e9alis\u00e9es par son conjoint<\/a>, un homme \u00e2g\u00e9 de 33 ans. La jeune femme a \u00e9t\u00e9 s\u00e9questr\u00e9e dans son logement pendant pr\u00e8s d\u2019une semaine o\u00f9 elle a subi des coups de poing, des coups avec des objets et des br\u00fblures provoqu\u00e9es avec un chalumeau sur toutes les parties du corps.<\/p>\n<p>Prise en charge, la femme a \u00e9t\u00e9 transport\u00e9e vers l\u2019h\u00f4pital Nord \u00e0 Saint-Priest-en-Jarez o\u00f9 elle a pu recevoir des soins adapt\u00e9s. Ce jeudi 22 mai, en fin de matin\u00e9e, son pronostic vital n\u2019est pas engag\u00e9, mais elle reste dans un \u00e9tat de choc qui va sans doute n\u00e9cessiter un suivi tr\u00e8s important.<\/p>\n<p>\u00ab Quand les forces de l\u2019ordre ont p\u00e9n\u00e9tr\u00e9 dans l\u2019appartement apr\u00e8s avoir d\u00fb d\u00e9foncer la porte, ils ont d\u00e9couvert une sc\u00e8ne d\u2019horreur. Des \u00e9claboussures de sang sur les murs, sur le sol. Une victime prostr\u00e9e, incapable de prononcer le moindre mot, le regard hagard\u00bb raconte un primo-intervenant. La sc\u00e8ne, d\u2019une rare violence, risque de hanter pendant de nombreux jours encore celles et ceux qui ont pris part aux op\u00e9rations de secours.<\/p>\n<p>  Actuellement en garde \u00e0 vue<\/p>\n<p>Quant \u00e0 l\u2019auteur pr\u00e9sum\u00e9 des faits, il a \u00e9t\u00e9 rapidement interpell\u00e9 \u00e0 l\u2019int\u00e9rieur du logement par les forces de police du commissariat de la circonscription du Gier. Il se serait montr\u00e9 tr\u00e8s agressif vis-\u00e0-vis des secours. Ce dernier avait d\u00e9j\u00e0 fait l\u2019objet d\u2019une condamnation devant le tribunal correctionnel de Saint-\u00c9tienne en 2017 pour des violences envers son ex-compagne, ayant entra\u00een\u00e9 cinq jours d\u2019Incapacit\u00e9 totale de travail (ITT).<\/p>\n<p>Au cours de l\u2019audience pendant laquelle il avait d\u00fb \u00eatre expuls\u00e9, l\u2019individu avait notamment affirmer : \u00ab Je vais attendre cinq ou dix ans, et puis je vais te mettre des patates \u00bb. Sa victime de l\u2019\u00e9poque t\u00e9moignant de ses craintes aux juges: \u00ab Quand il sortira, il recommencera. Il me tuera. Il m\u2019a toujours dit qu\u2019il rentrerait en prison pour quelque chose de grave. \u00bb<\/p>\n<p>D\u2019apr\u00e8s nos informations, il se trouve actuellement en garde \u00e0 vue et sera probablement d\u00e9f\u00e9r\u00e9 devant un magistrat. Une enqu\u00eate a \u00e9t\u00e9 ouverte du chef de tentative d\u2019homicide.<\/p>\n<p>Contact\u00e9s par nos soins, les services de la police nationale et le parquet de Saint-\u00c9tienne n\u2019ont pas r\u00e9pondu \u00e0 nos sollicitations.<\/p>\n<p class=\"note\">Un num\u00e9ro d\u2019appel national, le 3919, est d\u00e9di\u00e9 \u00e0 l\u2018\u00e9coute et \u00e0 l\u2019orientation des femmes victimes de violences. Appel gratuit et anonyme, service accessible 24h\/24 et 7 jours sur 7.<\/p>\n","protected":false},"excerpt":{"rendered":"C\u2019est un v\u00e9ritable d\u00e9ferlement de haine et de violences qui s\u2019est jou\u00e9 dans le huis clos de cet&hellip;\n","protected":false},"author":2,"featured_media":119982,"comment_status":"","ping_status":"","sticky":false,"template":"","format":"standard","meta":{"footnotes":""},"categories":[4],"tags":[11,271,272,7539,274,107,1011,27,3367,12,25,9669,9670,104],"class_list":{"0":"post-119981","1":"post","2":"type-post","3":"status-publish","4":"format-standard","5":"has-post-thumbnail","7":"category-france","8":"tag-actualites","9":"tag-crime","10":"tag-delit-et-contravention","11":"tag-edition-loire-sud","12":"tag-faits-divers-justice","13":"tag-fil-info","14":"tag-fr","15":"tag-france","16":"tag-loire","17":"tag-news","18":"tag-republique-francaise","19":"tag-saint-chamond","20":"tag-saint-chamond-ville","21":"tag-societe"},"share_on_mastodon":{"url":"https:\/\/pubeurope.com\/@fr\/114552692197000673","error":""},"_links":{"self":[{"href":"https:\/\/www.europesays.com\/fr\/wp-json\/wp\/v2\/posts\/119981","targetHints":{"allow":["GET"]}}],"collection":[{"href":"https:\/\/www.europesays.com\/fr\/wp-json\/wp\/v2\/posts"}],"about":[{"href":"https:\/\/www.europesays.com\/fr\/wp-json\/wp\/v2\/types\/post"}],"author":[{"embeddable":true,"href":"https:\/\/www.europesays.com\/fr\/wp-json\/wp\/v2\/users\/2"}],"replies":[{"embeddable":true,"href":"https:\/\/www.europesays.com\/fr\/wp-json\/wp\/v2\/comments?post=119981"}],"version-history":[{"count":0,"href":"https:\/\/www.europesays.com\/fr\/wp-json\/wp\/v2\/posts\/119981\/revisions"}],"wp:featuredmedia":[{"embeddable":true,"href":"https:\/\/www.europesays.com\/fr\/wp-json\/wp\/v2\/media\/119982"}],"wp:attachment":[{"href":"https:\/\/www.europesays.com\/fr\/wp-json\/wp\/v2\/media?parent=119981"}],"wp:term":[{"taxonomy":"category","embeddable":true,"href":"https:\/\/www.europesays.com\/fr\/wp-json\/wp\/v2\/categories?post=119981"},{"taxonomy":"post_tag","embeddable":true,"href":"https:\/\/www.europesays.com\/fr\/wp-json\/wp\/v2\/tags?post=119981"}],"curies":[{"name":"wp","href":"https:\/\/api.w.org\/{rel}","templated":true}]}}