{"id":119991,"date":"2025-05-22T17:39:16","date_gmt":"2025-05-22T17:39:16","guid":{"rendered":"https:\/\/www.europesays.com\/fr\/119991\/"},"modified":"2025-05-22T17:39:16","modified_gmt":"2025-05-22T17:39:16","slug":"nancy-projet-carnot-leopold-les-reserves-des-nanceiens","status":"publish","type":"post","link":"https:\/\/www.europesays.com\/fr\/119991\/","title":{"rendered":"Nancy. Projet Carnot-L\u00e9opold\u00a0: les \u00ab\u00a0r\u00e9serves\u00a0\u00bb des Nanc\u00e9iens"},"content":{"rendered":"<p>  \u00ab\u00a0Le budget \u00e9voqu\u00e9 peut para\u00eetre important. Il ne semble cependant pas exag\u00e9r\u00e9ment disproportionn\u00e9 au regard de projets similaires\u00a0\u00bb<\/p>\n<p>\u00ab\u00a0Le budget \u00e9voqu\u00e9 de 38\u00a0millions peut para\u00eetre important. Il ne semble cependant pas exag\u00e9r\u00e9ment disproportionn\u00e9 au regard de projets similaires (tels que l\u2019am\u00e9nagement des promenades \u00e0 Reims). Or, en l\u2019\u00e9tat, la situation financi\u00e8re de la ville de Nancy et de la M\u00e9tropole du Grand Nancy ne permet un tel investissement. Il conviendra donc de calibrer au plus juste le projet, de nouer des partenariats, de chercher des financements, en particulier au titre de l\u2019urbanisme durable, et surtout d\u2019op\u00e9rer des arbitrages strat\u00e9giques entre les projets actuellement envisag\u00e9s. Le site m\u00e9rite mieux que des effets d\u2019annonces non suivis d\u2019effet\u00a0\u00bb, indique l\u2019association.<\/p>\n<p>Elle ajoute\u00a0: \u00ab\u00a0La deuxi\u00e8me r\u00e9serve concerne les mobilit\u00e9s. Le sch\u00e9ma retenu n\u00e9cessite des \u00e9tudes d\u2019impact pr\u00e9cises et document\u00e9es et, in fine, une consultation effective des usagers. C\u2019est sur une telle base, et non en fonction d\u2019un dogme id\u00e9ologique, que le choix final en termes de circulation pourra \u00eatre effectu\u00e9.\u00a0\u00bb<\/p>\n<p>Troisi\u00e8me r\u00e9serve\u00a0: <a href=\"https:\/\/www.estrepublicain.fr\/culture-loisirs\/2025\/05\/21\/pour-francoise-herve-le-projet-carnot-a-tout-faux-ou-presque\" target=\"_blank\" rel=\"noopener\">le patrimoine<\/a> \u2026 \u00ab\u00a0L\u2019am\u00e9nagement envisag\u00e9 doit \u00eatre l\u2019occasion de mettre en valeur le patrimoine b\u00e2ti et v\u00e9g\u00e9tal de l\u2019espace Carnot-L\u00e9opold. Cette dimension semble, en l\u2019\u00e9tat du projet, n\u2019\u00eatre que trop marginale\u00a0\u00bb, indique l\u2019association.<\/p>\n","protected":false},"excerpt":{"rendered":"\u00ab\u00a0Le budget \u00e9voqu\u00e9 peut para\u00eetre important. Il ne semble cependant pas exag\u00e9r\u00e9ment disproportionn\u00e9 au regard de projets similaires\u00a0\u00bb&hellip;\n","protected":false},"author":2,"featured_media":119992,"comment_status":"","ping_status":"","sticky":false,"template":"","format":"standard","meta":{"footnotes":""},"categories":[9635],"tags":[1111,11,1704,1777,674,1011,27,775,1702,1703,12,316,25,104],"class_list":{"0":"post-119991","1":"post","2":"type-post","3":"status-publish","4":"format-standard","5":"has-post-thumbnail","7":"category-nancy","8":"tag-actu","9":"tag-actualites","10":"tag-edition-nancy-et-agglomeration","11":"tag-eu","12":"tag-europe","13":"tag-fr","14":"tag-france","15":"tag-grand-est","16":"tag-nancy","17":"tag-nancy-ville-54b","18":"tag-news","19":"tag-politique","20":"tag-republique-francaise","21":"tag-societe"},"share_on_mastodon":{"url":"https:\/\/pubeurope.com\/@fr\/114552711626243423","error":""},"_links":{"self":[{"href":"https:\/\/www.europesays.com\/fr\/wp-json\/wp\/v2\/posts\/119991","targetHints":{"allow":["GET"]}}],"collection":[{"href":"https:\/\/www.europesays.com\/fr\/wp-json\/wp\/v2\/posts"}],"about":[{"href":"https:\/\/www.europesays.com\/fr\/wp-json\/wp\/v2\/types\/post"}],"author":[{"embeddable":true,"href":"https:\/\/www.europesays.com\/fr\/wp-json\/wp\/v2\/users\/2"}],"replies":[{"embeddable":true,"href":"https:\/\/www.europesays.com\/fr\/wp-json\/wp\/v2\/comments?post=119991"}],"version-history":[{"count":0,"href":"https:\/\/www.europesays.com\/fr\/wp-json\/wp\/v2\/posts\/119991\/revisions"}],"wp:featuredmedia":[{"embeddable":true,"href":"https:\/\/www.europesays.com\/fr\/wp-json\/wp\/v2\/media\/119992"}],"wp:attachment":[{"href":"https:\/\/www.europesays.com\/fr\/wp-json\/wp\/v2\/media?parent=119991"}],"wp:term":[{"taxonomy":"category","embeddable":true,"href":"https:\/\/www.europesays.com\/fr\/wp-json\/wp\/v2\/categories?post=119991"},{"taxonomy":"post_tag","embeddable":true,"href":"https:\/\/www.europesays.com\/fr\/wp-json\/wp\/v2\/tags?post=119991"}],"curies":[{"name":"wp","href":"https:\/\/api.w.org\/{rel}","templated":true}]}}