{"id":119995,"date":"2025-05-22T17:41:35","date_gmt":"2025-05-22T17:41:35","guid":{"rendered":"https:\/\/www.europesays.com\/fr\/119995\/"},"modified":"2025-05-22T17:41:35","modified_gmt":"2025-05-22T17:41:35","slug":"apres-son-evasion-du-tribunal-de-toulon-un-homme-interpelle-a-auriol-dans-les","status":"publish","type":"post","link":"https:\/\/www.europesays.com\/fr\/119995\/","title":{"rendered":"Apr\u00e8s son \u00e9vasion du tribunal de Toulon, un homme interpell\u00e9 \u00e0 Auriol, dans les"},"content":{"rendered":"<p>Un homme qui <a href=\"https:\/\/toulon.maville.com\/actu\/actudet_-un-homme-mis-en-examen-pour-tentative-d-homicide-sur-deux-policiers-s-evade-du-tribunal-de-toulon-_12357-6814124_actu.Htm\" target=\"_self\" rel=\"noopener\">s\u2019\u00e9tait \u00e9vad\u00e9 du tribunal<\/a> de <a href=\"https:\/\/toulon.maville.com\/\/\" target=\"_self\" rel=\"noopener\">Toulon<\/a> (Var), vendredi 16\u00a0mai 2025, a \u00e9t\u00e9 arr\u00eat\u00e9 \u00e0 Auriol (<a href=\"https:\/\/www.ouest-france.fr\/provence-alpes-cote-dazur\/bouches-du-rhone\/\" target=\"_self\" rel=\"noopener\">Bouches-du-Rh\u00f4ne<\/a>) jeudi 22\u00a0mai, selon  <a href=\"https:\/\/www.bfmtv.com\/var\/info-bfm-toulon-var-evasion-du-tribunal-de-toulon-l-homme-a-ete-interpelle-a-auriol_AN-202505220488.html\" target=\"_self\" rel=\"noopener\">BFM Toulon Var<\/a> \u00a0et  <a href=\"https:\/\/www.francebleu.fr\/provence-alpes-cote-dazur\/var-83\" target=\"_self\" rel=\"noopener\">Ici Provence.<\/a> \u00a0L\u2019individu, \u00e2g\u00e9 de 34\u00a0ans, a \u00e9t\u00e9 plac\u00e9 en garde \u00e0 vue.<\/p>\n<p>Il a \u00e9t\u00e9 retrouv\u00e9 par la police nationale<\/p>\n<p>Le Marseillais s\u2019\u00e9tait \u00e9chapp\u00e9 du tribunal de Toulon juste apr\u00e8s sa condamnation pour un refus d\u2019obtemp\u00e9rer aggrav\u00e9 par la mise en danger de la vie de deux policiers nationaux, \u00e0 Hy\u00e8res, vendredi 16\u00a0mai. Jug\u00e9 en comparution imm\u00e9diate, le tribunal correctionnel l\u2019avait condamn\u00e9 \u00e0 quatre\u00a0ans de prison ferme.<\/p>\n<p>Ces derniers jours, le groupe <strong>\u00ab\u00a0fugitif\u00a0\u00bb<\/strong> de la DCT (anciennement s\u00fbret\u00e9 d\u00e9partementale de Toulon) s\u2019\u00e9tait largement mobilis\u00e9 pour retrouver le fugitif, notamment \u00e0 l\u2019aide de technique d\u2019investigation sp\u00e9ciale. Finalement, ce sont les policiers de la direction interd\u00e9partementale de la police nationale du Var qui l\u2019ont retrouv\u00e9 \u00e0 Auriol.<\/p>\n<p>Selon les informations recueillies par Ici Provence, l\u2019individu a \u00e9t\u00e9 localis\u00e9 dans cette commune des Bouches-du-Rh\u00f4ne o\u00f9 sa famille tient une \u00e9picerie. Cette \u00e9vasion l\u2019expose \u00e0 de nouvelles poursuites.<\/p>\n<p>\u00a0<\/p>\n","protected":false},"excerpt":{"rendered":"Un homme qui s\u2019\u00e9tait \u00e9vad\u00e9 du tribunal de Toulon (Var), vendredi 16\u00a0mai 2025, a \u00e9t\u00e9 arr\u00eat\u00e9 \u00e0 Auriol&hellip;\n","protected":false},"author":2,"featured_media":119996,"comment_status":"","ping_status":"","sticky":false,"template":"","format":"standard","meta":{"footnotes":""},"categories":[9619],"tags":[1111,11,24134,885,1777,674,3727,1011,27,4933,9817,2047,12,882,25,2310,3693],"class_list":{"0":"post-119995","1":"post","2":"type-post","3":"status-publish","4":"format-standard","5":"has-post-thumbnail","7":"category-toulon","8":"tag-actu","9":"tag-actualites","10":"tag-auriol","11":"tag-bouches-du-rhone","12":"tag-eu","13":"tag-europe","14":"tag-evasion","15":"tag-fr","16":"tag-france","17":"tag-homme","18":"tag-interpelle","19":"tag-mans","20":"tag-news","21":"tag-provence-alpes-cote-dazur","22":"tag-republique-francaise","23":"tag-toulon","24":"tag-tribunal"},"share_on_mastodon":{"url":"https:\/\/pubeurope.com\/@fr\/114552719476786558","error":""},"_links":{"self":[{"href":"https:\/\/www.europesays.com\/fr\/wp-json\/wp\/v2\/posts\/119995","targetHints":{"allow":["GET"]}}],"collection":[{"href":"https:\/\/www.europesays.com\/fr\/wp-json\/wp\/v2\/posts"}],"about":[{"href":"https:\/\/www.europesays.com\/fr\/wp-json\/wp\/v2\/types\/post"}],"author":[{"embeddable":true,"href":"https:\/\/www.europesays.com\/fr\/wp-json\/wp\/v2\/users\/2"}],"replies":[{"embeddable":true,"href":"https:\/\/www.europesays.com\/fr\/wp-json\/wp\/v2\/comments?post=119995"}],"version-history":[{"count":0,"href":"https:\/\/www.europesays.com\/fr\/wp-json\/wp\/v2\/posts\/119995\/revisions"}],"wp:featuredmedia":[{"embeddable":true,"href":"https:\/\/www.europesays.com\/fr\/wp-json\/wp\/v2\/media\/119996"}],"wp:attachment":[{"href":"https:\/\/www.europesays.com\/fr\/wp-json\/wp\/v2\/media?parent=119995"}],"wp:term":[{"taxonomy":"category","embeddable":true,"href":"https:\/\/www.europesays.com\/fr\/wp-json\/wp\/v2\/categories?post=119995"},{"taxonomy":"post_tag","embeddable":true,"href":"https:\/\/www.europesays.com\/fr\/wp-json\/wp\/v2\/tags?post=119995"}],"curies":[{"name":"wp","href":"https:\/\/api.w.org\/{rel}","templated":true}]}}