{"id":120001,"date":"2025-05-22T17:44:12","date_gmt":"2025-05-22T17:44:12","guid":{"rendered":"https:\/\/www.europesays.com\/fr\/120001\/"},"modified":"2025-05-22T17:44:12","modified_gmt":"2025-05-22T17:44:12","slug":"pres-de-cherbourg-des-jardins-ouvrent-leurs-portes-pour-equiper-des-hopitaux","status":"publish","type":"post","link":"https:\/\/www.europesays.com\/fr\/120001\/","title":{"rendered":"Pr\u00e8s de Cherbourg, des jardins ouvrent leurs portes pour \u00e9quiper des h\u00f4pitaux"},"content":{"rendered":"<p>Soixante-trois\u00a0jardins priv\u00e9s de Normandie ouvrent leurs portes samedi\u00a024 et dimanche 25\u00a0mai 2025 pour la bonne cause\u00a0: les Mains vertes du c\u0153ur, organis\u00e9es par la fondation Charles Nicolle.<\/p>\n<p>Dans le Cotentin (Manche), trois sites se mobilisent\u00a0: le jardin du Radiophare (7, rue des Mesliers \u00e0 Querqueville), la Ferme des Roches (route des \u00c9pines \u00e0 Martinvast) et La Gervaiserie (2, rue du Vieux presbyt\u00e8re \u00e0 Quettehou). Les deux premiers ouvriront \u00e9galement exceptionnellement les 14 et 15\u00a0juin 2025 pour la m\u00eame cause.<\/p>\n<p><strong>Lire aussi\u00a0:<\/strong> <a href=\"https:\/\/cherbourg.maville.com\/actu\/actudet_--on-est-quasi-au-plein-emploi-l-hopital-de-cherbourg-a-recrute-pres-de-50-medecins-en-2024-_52662-6642239_actu.Htm?utm_source=troove&amp;utm_medium=site\" target=\"_blank\" rel=\"noopener\">\u00ab On est quasi au plein-emploi \u00bb : l\u2019h\u00f4pital de Cherbourg a recrut\u00e9 pr\u00e8s de 50 m\u00e9decins en 2024<\/a><\/p>\n<p>Cette ann\u00e9e, \u00a0le projet d\u2019acquisition de la fondation est un spectrom\u00e8tre de masse \u00e0 haute r\u00e9solution pour le CHU de Rouen, permettant le diagnostic et le suivi des maladies rares, et la prise en charge des patients dans toute la r\u00e9gion. Trois\u00a0millions de personnes sont concern\u00e9es par 6\u00a0000\u00a0\u00e0 7\u00a0000\u00a0maladies rares, indiquent les organisateurs. 66\u00a0% du montant des dons sont d\u00e9ductibles des imp\u00f4ts.\u00a0<\/p>\n<p><strong>Samedi\u00a024 et dimanche 25\u00a0mai<\/strong>, de 14\u00a0h \u00e0 18\u00a0h, participation libre.<\/p>\n<p>\u00a0<\/p>\n","protected":false},"excerpt":{"rendered":"Soixante-trois\u00a0jardins priv\u00e9s de Normandie ouvrent leurs portes samedi\u00a024 et dimanche 25\u00a0mai 2025 pour la bonne cause\u00a0: les Mains&hellip;\n","protected":false},"author":2,"featured_media":120002,"comment_status":"","ping_status":"","sticky":false,"template":"","format":"standard","meta":{"footnotes":""},"categories":[9587],"tags":[1111,11,24135,24136,1777,674,1011,27,2777,18621,12,5161,4931,3761,3762,25,9590,13662],"class_list":{"0":"post-120001","1":"post","2":"type-post","3":"status-publish","4":"format-standard","5":"has-post-thumbnail","7":"category-rouen","8":"tag-actu","9":"tag-actualites","10":"tag-cherbourg","11":"tag-equiper","12":"tag-eu","13":"tag-europe","14":"tag-fr","15":"tag-france","16":"tag-hopitaux","17":"tag-jardins","18":"tag-news","19":"tag-normandie","20":"tag-ouvrent","21":"tag-portes","22":"tag-pres","23":"tag-republique-francaise","24":"tag-rouen","25":"tag-saint-lo"},"share_on_mastodon":{"url":"https:\/\/pubeurope.com\/@fr\/114552731310366250","error":""},"_links":{"self":[{"href":"https:\/\/www.europesays.com\/fr\/wp-json\/wp\/v2\/posts\/120001","targetHints":{"allow":["GET"]}}],"collection":[{"href":"https:\/\/www.europesays.com\/fr\/wp-json\/wp\/v2\/posts"}],"about":[{"href":"https:\/\/www.europesays.com\/fr\/wp-json\/wp\/v2\/types\/post"}],"author":[{"embeddable":true,"href":"https:\/\/www.europesays.com\/fr\/wp-json\/wp\/v2\/users\/2"}],"replies":[{"embeddable":true,"href":"https:\/\/www.europesays.com\/fr\/wp-json\/wp\/v2\/comments?post=120001"}],"version-history":[{"count":0,"href":"https:\/\/www.europesays.com\/fr\/wp-json\/wp\/v2\/posts\/120001\/revisions"}],"wp:featuredmedia":[{"embeddable":true,"href":"https:\/\/www.europesays.com\/fr\/wp-json\/wp\/v2\/media\/120002"}],"wp:attachment":[{"href":"https:\/\/www.europesays.com\/fr\/wp-json\/wp\/v2\/media?parent=120001"}],"wp:term":[{"taxonomy":"category","embeddable":true,"href":"https:\/\/www.europesays.com\/fr\/wp-json\/wp\/v2\/categories?post=120001"},{"taxonomy":"post_tag","embeddable":true,"href":"https:\/\/www.europesays.com\/fr\/wp-json\/wp\/v2\/tags?post=120001"}],"curies":[{"name":"wp","href":"https:\/\/api.w.org\/{rel}","templated":true}]}}