{"id":120003,"date":"2025-05-22T17:45:09","date_gmt":"2025-05-22T17:45:09","guid":{"rendered":"https:\/\/www.europesays.com\/fr\/120003\/"},"modified":"2025-05-22T17:45:09","modified_gmt":"2025-05-22T17:45:09","slug":"pres-de-rouen-pascaline-et-ludovic-ont-celebre-leurs-noces-de-perles","status":"publish","type":"post","link":"https:\/\/www.europesays.com\/fr\/120003\/","title":{"rendered":"Pr\u00e8s de Rouen, Pascaline et Ludovic ont c\u00e9l\u00e9br\u00e9 leurs noces de perles"},"content":{"rendered":"<p>            Par<br \/>\n        <strong><br \/>\n            <a href=\"https:\/\/actu.fr\/auteur\/le-journal-delbeuf\" title=\"Consulter tous les articles de R\u00e9daction Elbeuf\" target=\"_blank\" rel=\"noopener\">R\u00e9daction Elbeuf<\/a><br \/>\n        <\/strong><\/p>\n<p>        Publi\u00e9 le<\/p>\n<p>            22 mai 2025 \u00e0 19h01        <\/p>\n<p><b>Pascaline et Ludovic Delorme<\/b>, viennent de f\u00eater leurs <b>noces de perles<\/b>, pour marquer <b>30\u00a0ans de vie commune<\/b>.<\/p>\n<p class=\" wall-content\">Des perles, ce couple dynamique et rieur semble en avoir sem\u00e9 tout au long de son chemin, comme le racontaient avec humour, Agn\u00e8s Cercel, la maire de <a href=\"https:\/\/actu.fr\/normandie\/tourville-la-riviere_76705\" target=\"_blank\" rel=\"noopener\">Tourville-la-Rivi\u00e8re (Seine-Maritime)<\/a>, et St\u00e9phanie Avenel, conseill\u00e8re municipale, lors de la c\u00e9r\u00e9monie organis\u00e9e samedi dernier en mairie.<\/p>\n<p>30\u00a0ans de mariage<\/p>\n<p class=\" wall-content\">Pascaline et Ludovic, adolescents, vivent \u00e0 proximit\u00e9 l\u2019un de l\u2019autre, fr\u00e9quentent le m\u00eame coll\u00e8ge, sans se douter que Cupidon guette. Tous les deux sont \u00e9l\u00e8ves en premi\u00e8re au lyc\u00e9e des Bruy\u00e8res.<\/p>\n<p class=\" wall-content\">\u00ab C\u2019est l\u00e0, devant le ch\u00e2teau des Bruy\u00e8res, que par un big smack, d\u00e9bute leur aventure, en 1987 \u00bb, retrace Agn\u00e8s Cercel. Le jeune couple s\u2019unira au week-end de la Pentec\u00f4te 1995. Au fil de cette histoire, trois enfants agrandiront le cercle familial.<\/p>\n<p>    <img   decoding=\"async\" loading=\"lazy\" class=\"size-large\" src=\"https:\/\/www.europesays.com\/fr\/wp-content\/uploads\/2025\/05\/5ce983df0b28650f983df0b2874f98v-960x640.jpg\" alt=\"Noces de Perles, pour f\u00eater 30 ans de mariage.\" width=\"960\" height=\"640\"\/><br \/>\n    La maire, Agn\u00e8s Cercel, a f\u00e9licit\u00e9 le couple. \u00a9Le Journal d\u2019Elbeuf<\/p>\n<p class=\" wall-content\">Durant la c\u00e9r\u00e9monie du samedi 17 mai 2025, St\u00e9phanie Avenel, amie du couple, a rappel\u00e9 quelques moments \u00e9piques, tel un g\u00e2teau qui n\u2019aurait jamais d\u00fb \u00eatre pos\u00e9 sur une machine \u00e0 laver, durant l\u2019essorage, ou encore une soir\u00e9e moules-frites, sans moules-frites, remplac\u00e9es par des pizzas au dernier moment\u2026<\/p>\n<p>Vid\u00e9os : en ce moment sur Actu<\/p>\n<p class=\" wall-content\">Est-ce que la soir\u00e9e Noces de perles a r\u00e9serv\u00e9 d\u2019autres surprises ? Peut-\u00eatre, pour l\u2019entourage de Pascaline et Ludovic, qui sont des sp\u00e9cialistes des surprises.<\/p>\n<p class=\" wall-content\">Suivez toute l\u2019actualit\u00e9 de vos villes et m\u00e9dias favoris en vous inscrivant \u00e0 <a href=\"https:\/\/moncompte.actu.fr\" title=\"D\u00e9couvez Mon Actu\" rel=\"nofollow noopener\" data-trk=\"{&quot;cta&quot;:{&quot;action&quot;:&quot;https:\\\/\\\/moncompte.actu.fr&quot;,&quot;category&quot;:&quot;mon compte&quot;,&quot;from&quot;:&quot;article footer&quot;,&quot;name&quot;:&quot;Mon actu&quot;,&quot;type&quot;:&quot;cta&quot;}}\" target=\"_blank\">Mon Actu<\/a>.<\/p>\n","protected":false},"excerpt":{"rendered":"Par R\u00e9daction Elbeuf Publi\u00e9 le 22 mai 2025 \u00e0 19h01 Pascaline et Ludovic Delorme, viennent de f\u00eater leurs&hellip;\n","protected":false},"author":2,"featured_media":120004,"comment_status":"","ping_status":"","sticky":false,"template":"","format":"standard","meta":{"footnotes":""},"categories":[9587],"tags":[1111,11,1777,674,1011,27,1930,12,5161,25,9590,104],"class_list":{"0":"post-120003","1":"post","2":"type-post","3":"status-publish","4":"format-standard","5":"has-post-thumbnail","7":"category-rouen","8":"tag-actu","9":"tag-actualites","10":"tag-eu","11":"tag-europe","12":"tag-fr","13":"tag-france","14":"tag-mariage","15":"tag-news","16":"tag-normandie","17":"tag-republique-francaise","18":"tag-rouen","19":"tag-societe"},"share_on_mastodon":{"url":"https:\/\/pubeurope.com\/@fr\/114552735251523293","error":""},"_links":{"self":[{"href":"https:\/\/www.europesays.com\/fr\/wp-json\/wp\/v2\/posts\/120003","targetHints":{"allow":["GET"]}}],"collection":[{"href":"https:\/\/www.europesays.com\/fr\/wp-json\/wp\/v2\/posts"}],"about":[{"href":"https:\/\/www.europesays.com\/fr\/wp-json\/wp\/v2\/types\/post"}],"author":[{"embeddable":true,"href":"https:\/\/www.europesays.com\/fr\/wp-json\/wp\/v2\/users\/2"}],"replies":[{"embeddable":true,"href":"https:\/\/www.europesays.com\/fr\/wp-json\/wp\/v2\/comments?post=120003"}],"version-history":[{"count":0,"href":"https:\/\/www.europesays.com\/fr\/wp-json\/wp\/v2\/posts\/120003\/revisions"}],"wp:featuredmedia":[{"embeddable":true,"href":"https:\/\/www.europesays.com\/fr\/wp-json\/wp\/v2\/media\/120004"}],"wp:attachment":[{"href":"https:\/\/www.europesays.com\/fr\/wp-json\/wp\/v2\/media?parent=120003"}],"wp:term":[{"taxonomy":"category","embeddable":true,"href":"https:\/\/www.europesays.com\/fr\/wp-json\/wp\/v2\/categories?post=120003"},{"taxonomy":"post_tag","embeddable":true,"href":"https:\/\/www.europesays.com\/fr\/wp-json\/wp\/v2\/tags?post=120003"}],"curies":[{"name":"wp","href":"https:\/\/api.w.org\/{rel}","templated":true}]}}