{"id":120008,"date":"2025-05-22T17:48:37","date_gmt":"2025-05-22T17:48:37","guid":{"rendered":"https:\/\/www.europesays.com\/fr\/120008\/"},"modified":"2025-05-22T17:48:37","modified_gmt":"2025-05-22T17:48:37","slug":"des-decisions-inappropriees-apres-la-suspension-du-directeur-du-crous-bretagne-la-justice-saisie","status":"publish","type":"post","link":"https:\/\/www.europesays.com\/fr\/120008\/","title":{"rendered":"\u00ab\u00a0Des d\u00e9cisions inappropri\u00e9es\u00a0\u00bb\u00a0: apr\u00e8s la suspension du directeur du Crous Bretagne, la justice saisie"},"content":{"rendered":"<p>Au Crous Bretagne, les Resto U brestois ne sont pas les seuls \u00e0 \u00eatre d\u00e9grad\u00e9s. L\u2019ambiance en interne l\u2019est aussi. Le 12 mai, les personnels ont re\u00e7u une lettre les informant de la suspension du directeur, Yann-\u00c9ric Prouteau, \u00e0 titre conservatoire, la semaine pr\u00e9c\u00e9dente. Une d\u00e9cision \u00ab\u00a0exceptionnelle\u00a0\u00bb, indiquait la missive r\u00e9v\u00e9l\u00e9e par Le T\u00e9l\u00e9gramme, prise \u00e0 la suite d\u2019une enqu\u00eate administrative d\u00e9clench\u00e9e par des signalements.<\/p>\n<p>Apr\u00e8s avoir auditionn\u00e9 une cinquantaine d\u2019agents, celle-ci aurait r\u00e9v\u00e9l\u00e9 \u00ab\u00a0des probl\u00e9matiques manag\u00e9riales\u00a0\u00bb, \u00ab\u00a0une mauvaise gestion des cr\u00e9dits\u00a0\u00bb et \u00ab\u00a0des d\u00e9cisions inappropri\u00e9es au regard de la situation\u00a0\u00bb, indique le Crous. \u00ab\u00a0Ces faits mis en lumi\u00e8re par l\u2019enqu\u00eate administrative ont conduit la pr\u00e9sidente du Centre national des \u0153uvres universitaires et scolaires (Cnous, l\u2019\u00e9chelon national, NDLR) \u00e0 saisir le procureur de la R\u00e9publique.\u00a0\u00bb L\u2019institution se refuse \u00e0 donner plus de d\u00e9tails sur la nature des \u00e9l\u00e9ments reproch\u00e9s au directeur, en attendant les conclusions de la justice. \u00ab\u00a0Il appartient au procureur de qualifier les faits et de d\u00e9cider des suites \u00e9ventuelles.\u00a0\u00bb<\/p>\n<p>Le directeur du patrimoine suspendu<\/p>\n<p>L\u2019institution explique avoir aussi suspendu le directeur du patrimoine et des moyens g\u00e9n\u00e9raux, Ludovic Vl\u00e9rick. \u00ab\u00a0Celui-ci a, par la suite, inform\u00e9 de son souhait de d\u00e9missionner\u00a0\u00bb, pr\u00e9cise-t-elle. \u00ab\u00a0Le Cnous a pris toutes les mesures n\u00e9cessaires pour permettre la bonne continuit\u00e9 des activit\u00e9s du Crous Bretagne, au service des agents et des \u00e9tudiants. La suite donn\u00e9e \u00e0 la situation administrative du directeur g\u00e9n\u00e9ral sera d\u00e9termin\u00e9e en concertation avec le minist\u00e8re de tutelle.\u00a0\u00bb<\/p>\n<p>Cette crise intervient sur fond de \u00ab\u00a0tensions profondes\u00a0\u00bb, de \u00ab\u00a0manque de transparence\u00a0\u00bb, de \u00ab\u00a0gestion opaque\u00a0\u00bb et de \u00ab\u00a0malaise\u00a0\u00bb, selon <a href=\"https:\/\/bretagne.sgen-cfdt.fr\/actu\/crous-des-agents-mobilises-des-alertes-a-faire-remonter\/\" target=\"_blank\" rel=\"nofollow noopener\">un rapport public de la CFDT, publi\u00e9 en avril<\/a>. Et ce, alors que l\u2019\u00e9tat de v\u00e9tust\u00e9 de nombreux \u00e9quipements universitaires se fait jour, <a href=\"https:\/\/www.letelegramme.fr\/finistere\/brest-29200\/on-essaie-de-faire-au-mieux-avec-nos-moyens-a-brest-le-crous-serre-les-dents-face-aux-problemes-6740580.php\" target=\"_blank\" rel=\"nofollow noopener\">notamment \u00e0 Brest,<\/a> et que les finances du Crous Bretagne sont en piteux \u00e9tat.<\/p>\n","protected":false},"excerpt":{"rendered":"Au Crous Bretagne, les Resto U brestois ne sont pas les seuls \u00e0 \u00eatre d\u00e9grad\u00e9s. L\u2019ambiance en interne&hellip;\n","protected":false},"author":2,"featured_media":120009,"comment_status":"","ping_status":"","sticky":false,"template":"","format":"standard","meta":{"footnotes":""},"categories":[2821],"tags":[1111,11,829,1057,765,1777,674,118,3383,1011,27,12,584,25,5768],"class_list":{"0":"post-120008","1":"post","2":"type-post","3":"status-publish","4":"format-standard","5":"has-post-thumbnail","7":"category-rennes","8":"tag-actu","9":"tag-actualites","10":"tag-bretagne","11":"tag-education","12":"tag-en-continu","13":"tag-eu","14":"tag-europe","15":"tag-faits-divers","16":"tag-faits-divers-a-rennes","17":"tag-fr","18":"tag-france","19":"tag-news","20":"tag-rennes","21":"tag-republique-francaise","22":"tag-universite"},"share_on_mastodon":{"url":"https:\/\/pubeurope.com\/@fr\/114552747044063578","error":""},"_links":{"self":[{"href":"https:\/\/www.europesays.com\/fr\/wp-json\/wp\/v2\/posts\/120008","targetHints":{"allow":["GET"]}}],"collection":[{"href":"https:\/\/www.europesays.com\/fr\/wp-json\/wp\/v2\/posts"}],"about":[{"href":"https:\/\/www.europesays.com\/fr\/wp-json\/wp\/v2\/types\/post"}],"author":[{"embeddable":true,"href":"https:\/\/www.europesays.com\/fr\/wp-json\/wp\/v2\/users\/2"}],"replies":[{"embeddable":true,"href":"https:\/\/www.europesays.com\/fr\/wp-json\/wp\/v2\/comments?post=120008"}],"version-history":[{"count":0,"href":"https:\/\/www.europesays.com\/fr\/wp-json\/wp\/v2\/posts\/120008\/revisions"}],"wp:featuredmedia":[{"embeddable":true,"href":"https:\/\/www.europesays.com\/fr\/wp-json\/wp\/v2\/media\/120009"}],"wp:attachment":[{"href":"https:\/\/www.europesays.com\/fr\/wp-json\/wp\/v2\/media?parent=120008"}],"wp:term":[{"taxonomy":"category","embeddable":true,"href":"https:\/\/www.europesays.com\/fr\/wp-json\/wp\/v2\/categories?post=120008"},{"taxonomy":"post_tag","embeddable":true,"href":"https:\/\/www.europesays.com\/fr\/wp-json\/wp\/v2\/tags?post=120008"}],"curies":[{"name":"wp","href":"https:\/\/api.w.org\/{rel}","templated":true}]}}