{"id":12001,"date":"2025-04-09T07:07:19","date_gmt":"2025-04-09T07:07:19","guid":{"rendered":"https:\/\/www.europesays.com\/fr\/12001\/"},"modified":"2025-04-09T07:07:19","modified_gmt":"2025-04-09T07:07:19","slug":"malik-le-futur-mari-de-clemence-maries-au-premier-regard-2025-perturbe-en-la-reconnaissant-dans-le-prochain-episode-deja-disponible","status":"publish","type":"post","link":"https:\/\/www.europesays.com\/fr\/12001\/","title":{"rendered":"Malik, le futur mari de Cl\u00e9mence (Mari\u00e9s au premier regard 2025), perturb\u00e9 en la reconnaissant dans le prochain \u00e9pisode d\u00e9j\u00e0 disponible"},"content":{"rendered":"<p>C&rsquo;est un mariage in\u00e9dit qui se joue dans le septi\u00e8me \u00e9pisode de <a href=\"https:\/\/www.programme-tv.net\/news\/tele-realite\/371158-maries-au-premier-regard-2025-date-de-diffusion-deux-expertes-nouveautes-les-premieres-infos-sur-la-saison-9\/\" data-api-deeplink=\"teleloisirs:\/\/news\/371158\" target=\"_blank\" rel=\"noopener\">Mari\u00e9s au premier regard 2025<\/a>, diffus\u00e9 le 14 avril prochain sur M6 et d\u00e9j\u00e0 disponible sur M6+. En effet, Cl\u00e9mence retente l&rsquo;exp\u00e9rience apr\u00e8s avoir essuy\u00e9 <a href=\"https:\/\/www.programme-tv.net\/news\/tele-realite\/353234-pas-vu-a-la-tele-dans-maries-au-premier-regard-2024-romain-a-parle-a-gilbert-bou-jaoude-avant-qu-il-dise-non-a-clemence\/\" data-api-deeplink=\"teleloisirs:\/\/news\/353234\" target=\"_blank\" rel=\"noopener\">un refus gla\u00e7ant de Romain l&rsquo;ann\u00e9e derni\u00e8re<\/a>. \u00c0 39 ans, elle ne d\u00e9sesp\u00e8re pas de trouver l&rsquo;amour et pouvoir enfin fonder une famille, apr\u00e8s plusieurs \u00e9checs amoureux. Pour la seconde fois, elle a donc remis son destin aux mains de la science et, bonne nouvelle, les expertes de l&rsquo;\u00e9mission lui ont trouv\u00e9 une compatibilit\u00e9 avec Malik, un \u00e9lectricien de 43 ans. <b>Attention, la suite de cet article contient des spoilers !<\/b><\/p>\n<p>\u00ab\u00a0Je ne comprends pas trop\u00a0\u00bb : Malik d\u00e9stabilis\u00e9 par un retournement de situation dans Mari\u00e9s au premier regard 2025<\/p>\n<p>Pour ne pas se faire reconna\u00eetre, puisque ses proches \u00e9taient d\u00e9j\u00e0 pass\u00e9s dans l&rsquo;\u00e9mission et que la famille de Malik aurait pu pr\u00e9venir le mari\u00e9, <a href=\"https:\/\/www.programme-tv.net\/news\/tele-realite\/375031-marie-tapernoux-fait-une-grande-annonce-a-clemence-maries-au-premier-regard-9-son-mariage-ne-va-pas-se-passer-comme-prevu\/\" data-api-deeplink=\"teleloisirs:\/\/news\/375031\" target=\"_blank\" rel=\"noopener\">Cl\u00e9mence a \u00e9t\u00e9 la premi\u00e8re \u00e0 attendre devant l&rsquo;autel<\/a>. Elle a pu compter sur le soutien de ses proches, qui n&rsquo;ont pas h\u00e9sit\u00e9 \u00e0 lancer une pique cinglante \u00e0 <a href=\"https:\/\/www.programme-tv.net\/biographie\/2380791-dossin-estelle\/\" data-link-people=\"5cf96b53-d73e-418a-ae47-458165086dd3\" target=\"_blank\" rel=\"noopener\">Estelle Dossin<\/a>, apr\u00e8s l&rsquo;\u00e9chec de l&rsquo;ann\u00e9e derni\u00e8re. Malik arrive donc sur le lieu du mariage et d\u00e9couvre que la mari\u00e9e est d\u00e9j\u00e0 l\u00e0. \u00ab\u00a0Je ne comprends pas trop. Je vois d\u00e9j\u00e0 la mari\u00e9e, tout le monde est d\u00e9j\u00e0 assis. <b>Je pensais que j\u2019allais \u00eatre \u00e0 la place de la mari\u00e9e<\/b>. Tout ce sc\u00e9nario que j\u2019avais envisag\u00e9 et qui n\u2019est pas l\u00e0 au final, \u00e7a fait peur\u00a0\u00bb, r\u00e9agit le candidat originaire des Landes.<\/p>\n<p>                        \u00ab\u00a0Je ne me dis pas qu&rsquo;il me kiffe\u00a0\u00bb : Cl\u00e9mence perplexe face \u00e0 la r\u00e9action de Malik dans Mari\u00e9s au premier regard 2025<\/p>\n<p>Un peu plus tard dans l&rsquo;\u00e9pisode, on d\u00e9couvre la r\u00e9action de Malik en voyant Cl\u00e9mence, dont il avait pu <a href=\"https:\/\/www.programme-tv.net\/news\/tele-realite\/374788-clemence-de-retour-dans-maries-au-premier-regard-apres-avoir-ete-rejetee-par-romain-il-peut-y-avoir-un-non\/\" data-api-deeplink=\"teleloisirs:\/\/news\/374788\" target=\"_blank\" rel=\"noopener\">suivre l&rsquo;aventure l&rsquo;ann\u00e9e derni\u00e8re <\/a>sur M6. \u00ab\u00a0<b>Quand elle se retourne, elle me dit quelque chose&#8230;<\/b> Je reconnais Cl\u00e9mence, je suis d\u00e9connect\u00e9 compl\u00e8tement\u00a0\u00bb, lance le mari\u00e9, perplexe. Il semble envahi par le stress, contrairement \u00e0 Cl\u00e9mence, qui essaye de le mettre \u00e0 l&rsquo;aise. \u00ab\u00a0Il est souriant, il est tr\u00e8s souriant, il est all\u00e9 voir ma famille, j&rsquo;aime bien. Je trouve qu&rsquo;il a du charme, qu&rsquo;il d\u00e9gage quelque chose, du charisme. <b>Il est \u00e9l\u00e9gant, il me pla\u00eet quoi<\/b> !\u00a0\u00bb, commente la candidate. Pourtant,<a href=\"https:\/\/www.programme-tv.net\/news\/tele-realite\/375364-clemence-maries-au-premier-regard-2025-et-son-pretendant-se-sont-ils-dit-oui-voici-ce-qu-il-se-passe-dans-le-prochain-episode-deja-disponible\/\" data-api-deeplink=\"teleloisirs:\/\/news\/375364\" target=\"_blank\" rel=\"noopener\"> le doute reste bien pr\u00e9sent<\/a> dans l&rsquo;esprit de la cheffe d&rsquo;entreprise. \u00ab\u00a0Apr\u00e8s, je vois quelqu&rsquo;un qui, en effet, reste plut\u00f4t neutre avec moi. Je ne me dis pas qu&rsquo;il me kiffe, je ne sais pas en fait&#8230;\u00a0\u00bb, analyse Cl\u00e9mence. Cette seconde chance sera-t-elle la bonne ?<\/p>\n","protected":false},"excerpt":{"rendered":"C&rsquo;est un mariage in\u00e9dit qui se joue dans le septi\u00e8me \u00e9pisode de Mari\u00e9s au premier regard 2025, diffus\u00e9&hellip;\n","protected":false},"author":2,"featured_media":12002,"comment_status":"","ping_status":"","sticky":false,"template":"","format":"standard","meta":{"footnotes":""},"categories":[1356],"tags":[5635,5636,244,58,59,1011,27,494,5637,5214,252,1364,1630],"class_list":{"0":"post-12001","1":"post","2":"type-post","3":"status-publish","4":"format-standard","5":"has-post-thumbnail","7":"category-television","8":"tag-6play","9":"tag-clu00e9mence-mariu00e9s-au-premier-regard-8","10":"tag-commentaire","11":"tag-divertissement","12":"tag-entertainment","13":"tag-fr","14":"tag-france","15":"tag-m6","16":"tag-malik-mariu00e9s-au-premier-regard-9","17":"tag-mariu00e9s-au-premier-regard","18":"tag-television","19":"tag-tv","20":"tag-zapping"},"share_on_mastodon":{"url":"https:\/\/pubeurope.com\/@fr\/114306747260022222","error":""},"_links":{"self":[{"href":"https:\/\/www.europesays.com\/fr\/wp-json\/wp\/v2\/posts\/12001","targetHints":{"allow":["GET"]}}],"collection":[{"href":"https:\/\/www.europesays.com\/fr\/wp-json\/wp\/v2\/posts"}],"about":[{"href":"https:\/\/www.europesays.com\/fr\/wp-json\/wp\/v2\/types\/post"}],"author":[{"embeddable":true,"href":"https:\/\/www.europesays.com\/fr\/wp-json\/wp\/v2\/users\/2"}],"replies":[{"embeddable":true,"href":"https:\/\/www.europesays.com\/fr\/wp-json\/wp\/v2\/comments?post=12001"}],"version-history":[{"count":0,"href":"https:\/\/www.europesays.com\/fr\/wp-json\/wp\/v2\/posts\/12001\/revisions"}],"wp:featuredmedia":[{"embeddable":true,"href":"https:\/\/www.europesays.com\/fr\/wp-json\/wp\/v2\/media\/12002"}],"wp:attachment":[{"href":"https:\/\/www.europesays.com\/fr\/wp-json\/wp\/v2\/media?parent=12001"}],"wp:term":[{"taxonomy":"category","embeddable":true,"href":"https:\/\/www.europesays.com\/fr\/wp-json\/wp\/v2\/categories?post=12001"},{"taxonomy":"post_tag","embeddable":true,"href":"https:\/\/www.europesays.com\/fr\/wp-json\/wp\/v2\/tags?post=12001"}],"curies":[{"name":"wp","href":"https:\/\/api.w.org\/{rel}","templated":true}]}}