{"id":120016,"date":"2025-05-22T17:52:11","date_gmt":"2025-05-22T17:52:11","guid":{"rendered":"https:\/\/www.europesays.com\/fr\/120016\/"},"modified":"2025-05-22T17:52:11","modified_gmt":"2025-05-22T17:52:11","slug":"la-misere-gagne-du-terrain-il-y-a-de-plus-en-plus-de-personnes-a-la-rue-la-croix-rouge-prepare-une-maraude-geante-dans-tout-nice-ce-vendredi-23-mai","status":"publish","type":"post","link":"https:\/\/www.europesays.com\/fr\/120016\/","title":{"rendered":"\u00ab\u00a0La mis\u00e8re gagne du terrain, il y a de plus en plus de personnes \u00e0 la rue\u00a0\u00bb: la Croix-Rouge pr\u00e9pare une maraude g\u00e9ante dans tout Nice ce vendredi 23 mai"},"content":{"rendered":"<p>Des vestes rouges vont bient\u00f4t d\u00e9ferler dans la nuit ni\u00e7oise.<\/p>\n<p>Ce vendredi 23 mai, l\u2019une des plus grandes vagues de solidarit\u00e9 jamais insuffl\u00e9e par la Croix-Rouge fran\u00e7aise va mobiliser b\u00e9n\u00e9voles, secouristes, bikers, entreprises partenaires&#8230; soit plus d\u2019une centaine de maraudeurs. En pleine pr\u00e9paration, la t\u00eate dans les tableaux Excel, Arnaud Falguerolles, coordinateur de l\u2019antenne d\u00e9partementale, pr\u00e9sente la soir\u00e9e exceptionnelle.<\/p>\n<p><strong>Quels sont les objectifs de cette soir\u00e9e?<\/strong><\/p>\n<p>Il y en a trois. Le premier, c\u2019est de recenser, de localiser. Comme \u00e7a, dans un second temps, avec les maraudes quotidiennes, on saura combien de personnes on devra aider et dans quel secteur on pourra les trouver. Le deuxi\u00e8me but, c\u2019est de leur pr\u00e9senter un questionnaire flash. Sept questions pour savoir qui ils sont, quels sont leurs besoins, o\u00f9 ils en sont de leur accompagnement social. \u00c7a nous aidera \u00e0 mieux les orienter vers des associations ou le CCAS (1). On leur donnera aussi les bonnes adresses et les endroits o\u00f9 trouver des fontaines. Troisi\u00e8me et derni\u00e8re mission: montrer aux b\u00e9n\u00e9ficiaires qu\u2019on est massivement mobilis\u00e9s pour eux. Ils existent et on ne les oublie pas.<\/p>\n<p><strong>Dans quel contexte s\u2019inscrit cette op\u00e9ration? Quelle est la situation des plus pr\u00e9caires \u00e0 Nice?<\/strong><\/p>\n<p>S\u2019il y a un bon maillage associatif et que le CCAS est bien plus mobilis\u00e9 que dans d\u2019autres villes (l\u2019adjointe au maire d\u00e9l\u00e9gu\u00e9e aux Solidarit\u00e9s, Jennifer Salles, et la directrice seront notamment pr\u00e9sentes), la mis\u00e8re gagne du terrain. Il y a de plus en plus de personnes \u00e0 la rue. Du 1er janvier au 31 mars 2025, nous avons enregistr\u00e9 920 signalements, soit 40% en plus par rapport \u00e0 l\u2019an dernier. On a aussi effectu\u00e9 2.453 rencontres. Ce sont de tristes records.<\/p>\n<p><strong>Vous vous attendez \u00e0 recenser combien de personnes?<\/strong><\/p>\n<p>On devrait atteindre les 500 personnes. C\u2019est malheureusement un chiffre qui gonfle ann\u00e9es apr\u00e8s ann\u00e9es.<\/p>\n<p><strong>Travaillant avec le Samu social, vous intervenez principalement sur appel du 115. Cette op\u00e9ration va donc \u00e9largir votre champ d\u2019intervention?<\/strong><\/p>\n<p>On va couvrir une trentaine de secteurs, de l\u2019Ariane \u00e0 Magnan, en poursuivant nos nouvelles actions sur l\u2019a\u00e9roport et les lignes de tramway. \u00c7a va nous permettre d\u2019aller \u00e0 la rencontre d\u2019un public qui n\u2019appelle pas forc\u00e9ment le 115, qui est parfois plus \u00e0 la marge du centre-ville comme de la soci\u00e9t\u00e9 elle-m\u00eame. On s\u2019attend \u00e0 rencontrer des personnes tr\u00e8s pr\u00e9caires. Des secouristes seront d\u2019ailleurs l\u00e0 en renfort. Au besoin, ils appelleront une ambulance.<\/p>\n<p><strong>Comment garantir que ces personnes r\u00e9pondent au questionnaire?<\/strong><\/p>\n<p>Rien n\u2019est garanti, rien n\u2019est obligatoire. Mais je peux compter sur une \u00e9quipe de b\u00e9n\u00e9voles et de salari\u00e9s qui ont cultiv\u00e9 un lien de confiance pendant des mois voir des ann\u00e9es avec l\u2019ensemble des b\u00e9n\u00e9ficiaires. Il y aura aussi des premi\u00e8res rencontres. Il faudra alors montrer patte blanche et laisser un bon souvenir.<\/p>\n<p><strong>Sur le terrain, vous serez accompagn\u00e9 par Dune, une entreprise ni\u00e7oise qui testera son logiciel. \u00c0 quoi sert-il?<\/strong><\/p>\n<p>Pour entretenir une relation durable avec les b\u00e9n\u00e9ficiaires, on doit savoir o\u00f9 ils en sont dans leurs d\u00e9marches sociales, comment ils se portent psychologiquement, physiquement. Ce suivi est facilit\u00e9 par cette entreprise, depuis trois ans. Pour arr\u00eater de tout noter sur du papier, ils nous ont mis au point une application qui enregistre tout sur une base de donn\u00e9es.<\/p>\n<p><strong>Des bikers vont vous accompagner. Quel sera leur r\u00f4le?<\/strong><\/p>\n<p>Transporter les b\u00e9n\u00e9voles et redonner le sourire. Tous les semestres, les Widows Sons (Fils de la veuve), un club de motards, provoquent un effet \u2018\u2018waouh\u2019\u2019 quand ils arrivent sur leurs grosses cylindr\u00e9es.<\/p>\n<p><strong>Est-ce que cette op\u00e9ration est amen\u00e9e \u00e0 se reproduire?<\/strong><\/p>\n<p>Bouclons d\u00e9j\u00e0 cette grande premi\u00e8re. Mais sur le principe, je suis partant. Parce qu\u2019il y a une n\u00e9cessit\u00e9 de plus en plus criante.<\/p>\n<p>1. Centre communal d\u2019action sociale.<\/p>\n","protected":false},"excerpt":{"rendered":"Des vestes rouges vont bient\u00f4t d\u00e9ferler dans la nuit ni\u00e7oise. Ce vendredi 23 mai, l\u2019une des plus grandes&hellip;\n","protected":false},"author":2,"featured_media":120017,"comment_status":"","ping_status":"","sticky":false,"template":"","format":"standard","meta":{"footnotes":""},"categories":[2819],"tags":[1111,11,1777,674,1011,27,12,2401,882,25,801],"class_list":{"0":"post-120016","1":"post","2":"type-post","3":"status-publish","4":"format-standard","5":"has-post-thumbnail","7":"category-nice","8":"tag-actu","9":"tag-actualites","10":"tag-eu","11":"tag-europe","12":"tag-fr","13":"tag-france","14":"tag-news","15":"tag-nice","16":"tag-provence-alpes-cote-dazur","17":"tag-republique-francaise","18":"tag-social"},"share_on_mastodon":{"url":"https:\/\/pubeurope.com\/@fr\/114552762787493983","error":""},"_links":{"self":[{"href":"https:\/\/www.europesays.com\/fr\/wp-json\/wp\/v2\/posts\/120016","targetHints":{"allow":["GET"]}}],"collection":[{"href":"https:\/\/www.europesays.com\/fr\/wp-json\/wp\/v2\/posts"}],"about":[{"href":"https:\/\/www.europesays.com\/fr\/wp-json\/wp\/v2\/types\/post"}],"author":[{"embeddable":true,"href":"https:\/\/www.europesays.com\/fr\/wp-json\/wp\/v2\/users\/2"}],"replies":[{"embeddable":true,"href":"https:\/\/www.europesays.com\/fr\/wp-json\/wp\/v2\/comments?post=120016"}],"version-history":[{"count":0,"href":"https:\/\/www.europesays.com\/fr\/wp-json\/wp\/v2\/posts\/120016\/revisions"}],"wp:featuredmedia":[{"embeddable":true,"href":"https:\/\/www.europesays.com\/fr\/wp-json\/wp\/v2\/media\/120017"}],"wp:attachment":[{"href":"https:\/\/www.europesays.com\/fr\/wp-json\/wp\/v2\/media?parent=120016"}],"wp:term":[{"taxonomy":"category","embeddable":true,"href":"https:\/\/www.europesays.com\/fr\/wp-json\/wp\/v2\/categories?post=120016"},{"taxonomy":"post_tag","embeddable":true,"href":"https:\/\/www.europesays.com\/fr\/wp-json\/wp\/v2\/tags?post=120016"}],"curies":[{"name":"wp","href":"https:\/\/api.w.org\/{rel}","templated":true}]}}