{"id":120020,"date":"2025-05-22T17:54:04","date_gmt":"2025-05-22T17:54:04","guid":{"rendered":"https:\/\/www.europesays.com\/fr\/120020\/"},"modified":"2025-05-22T17:54:04","modified_gmt":"2025-05-22T17:54:04","slug":"a-nantes-ce-commercant-veut-sous-louer-son-local","status":"publish","type":"post","link":"https:\/\/www.europesays.com\/fr\/120020\/","title":{"rendered":"\u00e0 Nantes, ce commer\u00e7ant veut sous-louer son local"},"content":{"rendered":"<p>            Par<br \/>\n        <strong><br \/>\n            <a href=\"https:\/\/actu.fr\/auteur\/thomas-bernard\" title=\"Consulter tous les articles de Thomas Bernard\" rel=\"nofollow noopener\" target=\"_blank\">Thomas Bernard<\/a><br \/>\n        <\/strong><\/p>\n<p>        Publi\u00e9 le<\/p>\n<p>            22 mai 2025 \u00e0 19h26        <\/p>\n<p>\u00c0 quelques jours de la <a href=\"https:\/\/actu.fr\/tag\/fete-des-meres\" rel=\"nofollow noopener\" target=\"_blank\">f\u00eate des M\u00e8res,<\/a> les Nantais arpentent les rues du centre-ville \u00e0 la recherche du cadeau id\u00e9al. Rue des Carmes, des clients entrent dans la boutique <a href=\"https:\/\/l.facebook.com\/l.php?u=http%3A%2F%2Fwww.sacres-francais.fr%2F%3Ffbclid%3DIwZXh0bgNhZW0CMTAAYnJpZBExN2xwYUFiVjZXNFljYWNoawEeEXBmRxj-DDxDdK6R0URtG3RatspM0cUlaq4AB60_SODzcihPkwO-RaMtyi0_aem_mh-TwflJ6R-fy3G0EGicoQ&amp;h=AT2XcppdAJIGLjwO9XbDWuPQyv46EApg_PepBmSPwJNUmcG_kr8XEi9ZAYF2EbJ7_svuDoTgLpyvOA4wsUYZnalDO9uH-CmBwaZWgIGyXLWxjsbrGgc5nCuMQH6hjsqQUBgxMw\" rel=\"nofollow noopener\" target=\"_blank\">Sacr\u00e9s Fran\u00e7ais<\/a>, exclusivement d\u00e9di\u00e9e aux produits fabriqu\u00e9s en France. Sur la porte du commerce \u00e0 la devanture bleue on peut lire cette inscription\u2009: \u00ab\u2009fermeture le 28\u00a0juin, r\u00e9duction de -20\u2009% sur tous les produits\u2009\u00bb.<\/p>\n<p class=\" wall-content\">Accoud\u00e9 \u00e0 son comptoir, <strong>Yoann Yvernogeau<\/strong>, fondateur de Sacr\u00e9s Fran\u00e7ais, fait grise mine. \u00ab\u2009La boutique \u00e7a va pas du tout. \u00c7a fait un peu plus d\u2019un an que <strong>je me paye 500\u00a0euros par mois.\u2009\u00bb<\/strong><\/p>\n<p>Sous-louer pour survivre<\/p>\n<p class=\" wall-content\">L\u2019inflation, les charges et la perte de pouvoir d\u2019achat des Fran\u00e7ais ont <strong>impact\u00e9 l\u2019activit\u00e9 \u00e9conomique<\/strong> de Sacr\u00e9s Fran\u00e7ais.<\/p>\n<p class=\" wall-content\">\u00ab\u2009Apr\u00e8s le Covid, les gens ont privil\u00e9gi\u00e9 \u00ab\u2009le fabriqu\u00e9 en France\u2009\u00bb donc c\u2019\u00e9tait une bonne p\u00e9riode pour la boutique. Comme on disait c\u2019\u00e9tait le \u00ab\u2009Monde d\u2019apr\u00e8s\u2009\u00bb, mais avec l\u2019inflation, c\u2019est plus compliqu\u00e9 [\u2026]. Il y a aussi moins de monde en ville. En sept ans, on a vu une <strong>baisse de la fr\u00e9quentation en centre-ville\u2009\u00bb,<\/strong> analyse Yoann Yvernogeau.<\/p>\n<p class=\" wall-content\">Un contexte pesant sur les finances du commer\u00e7ant, contraint <strong>de fermer le 28\u00a0juin<\/strong>. \u00ab\u2009Chaque \u00e9t\u00e9 je fais les march\u00e9s et j\u2019embauche quelqu\u2019un pour travailler \u00e0 la boutique. Cette ann\u00e9e, je ne peux pas me permettre d\u2019engager quelqu\u2019un\u2009\u00bb, explique le Nantais.<\/p>\n<p>    <a href=\"https:\/\/www.facebook.com\/plugins\/post.php?href=https%3A%2F%2Fwww.facebook.com%2FSacresFrancaisNantes%2Fposts%2Fpfbid02WeyBvE9d6oKBPXfRzfypZkEfZkiuSZENDBiXRFbYHePVuvwotwREkawAQRJ1Tmzel&amp;show_text=true&amp;width=350\" title=\"Ouvrie le lien\" rel=\"nofollow noopener\" target=\"_blank\">Cliquez ici pour visualiser le contenu<\/a><\/p>\n<p class=\" wall-content\">Cet \u00e9t\u00e9, Yoann fera les march\u00e9s en Vend\u00e9e. Le fondateur de Sacr\u00e9s Fran\u00e7ais a d\u00e9cid\u00e9 de <strong>sous-louer le local,<\/strong> avec l\u2019accord de son propri\u00e9taire, pendant quelques mois (entre juillet et novembre).<\/p>\n<blockquote class=\"ac-article-quote wall-content\">\n<p>L&rsquo;id\u00e9e c&rsquo;est de vendre un maximum jusqu&rsquo;\u00e0 fin juin, d&rsquo;o\u00f9 la r\u00e9duction de -20% sur les produits. Sous-louer le local c&rsquo;est pour \u00e9viter que la tr\u00e9sorerie s&rsquo;effondre trop vite. Il faut que je paye le cr\u00e9dit et les assurances. Si je ne trouve pas de sous-locataire, je verrai comment la tr\u00e9sorerie va \u00e9voluer. Il y a un risque de cessation de paiements.<\/p>\n<p>    <strong>Yoann Yvernogeau<\/strong><br \/>\n        G\u00e9rant de la boutique Sacr\u00e9s Fran\u00e7ais \u00e0 Nantes    <\/p><\/blockquote>\n<p class=\" wall-content\">Le commer\u00e7ant est toujours \u00e0 la <strong>recherche d\u2019un sous-locataire.<\/strong> \u00ab\u2009Il n\u2019y a que des prises de contact pour l\u2019instant, rien de concret\u2009\u00bb.<\/p>\n<p>\u00ab\u2009Je ne vais pas continuer pour le plaisir\u2009\u00bb<\/p>\n<p class=\" wall-content\">Depuis l\u2019annonce de la fermeture de la boutique le 28\u00a0juin, le g\u00e9rant a pu compter <strong>sur le soutien de ses clients<\/strong>, notamment les plus fid\u00e8les. \u00ab\u2009J\u2019ai la chance d\u2019avoir des clients tr\u00e8s sympas\u2009\u00bb, sourit Yoann.<\/p>\n<p class=\" wall-content\">En sous-louant son local, le boutiquier ambitionne de faire un dernier No\u00ebl dans sa boutique du centre-ville. \u00ab\u2009S\u2019il y a No\u00ebl ici (la boutique, NDLR) ce sera cool, mais je pense qu\u2019apr\u00e8s ce sera fini\u2009\u00bb, confie pessimiste, le Nantais.<\/p>\n<p class=\" wall-content\">Naviguant \u00e0 vue, l\u2019avenir professionnel de Yoann Yvernogeau est incertain. \u00ab\u2009Je pars avec regret, mais je ne vais pas continuer juste pour le plaisir.\u2009\u00bb<\/p>\n<p><strong>Infos pratiques<\/strong>\u2009:<br \/><a href=\"https:\/\/l.facebook.com\/l.php?u=http%3A%2F%2Fwww.sacres-francais.fr%2F%3Ffbclid%3DIwZXh0bgNhZW0CMTAAYnJpZBExN2xwYUFiVjZXNFljYWNoawEeEXBmRxj-DDxDdK6R0URtG3RatspM0cUlaq4AB60_SODzcihPkwO-RaMtyi0_aem_mh-TwflJ6R-fy3G0EGicoQ&amp;h=AT2XcppdAJIGLjwO9XbDWuPQyv46EApg_PepBmSPwJNUmcG_kr8XEi9ZAYF2EbJ7_svuDoTgLpyvOA4wsUYZnalDO9uH-CmBwaZWgIGyXLWxjsbrGgc5nCuMQH6hjsqQUBgxMw\" rel=\"nofollow noopener\" target=\"_blank\">Sacr\u00e9s Fran\u00e7ais<\/a>, 17 rue des Carmes<br \/>\nOuvert du mardi au samedi de 10h30 \u00e0 19h<\/p>\n<p class=\" wall-content\">Suivez toute l\u2019actualit\u00e9 de vos villes et m\u00e9dias favoris en vous inscrivant \u00e0 <a href=\"https:\/\/moncompte.actu.fr\" title=\"D\u00e9couvez Mon Actu\" rel=\"nofollow noopener\" data-trk=\"{&quot;cta&quot;:{&quot;action&quot;:&quot;https:\\\/\\\/moncompte.actu.fr&quot;,&quot;category&quot;:&quot;mon compte&quot;,&quot;from&quot;:&quot;article footer&quot;,&quot;name&quot;:&quot;Mon actu&quot;,&quot;type&quot;:&quot;cta&quot;}}\" target=\"_blank\">Mon Actu<\/a>.<\/p>\n","protected":false},"excerpt":{"rendered":"Par Thomas Bernard Publi\u00e9 le 22 mai 2025 \u00e0 19h26 \u00c0 quelques jours de la f\u00eate des M\u00e8res,&hellip;\n","protected":false},"author":2,"featured_media":120021,"comment_status":"","ping_status":"","sticky":false,"template":"","format":"standard","meta":{"footnotes":""},"categories":[2818],"tags":[1111,11,215,1777,674,1011,27,9345,766,12,2636,25,104],"class_list":{"0":"post-120020","1":"post","2":"type-post","3":"status-publish","4":"format-standard","5":"has-post-thumbnail","7":"category-nantes","8":"tag-actu","9":"tag-actualites","10":"tag-commerce","11":"tag-eu","12":"tag-europe","13":"tag-fr","14":"tag-france","15":"tag-inflation","16":"tag-nantes","17":"tag-news","18":"tag-pays-de-la-loire","19":"tag-republique-francaise","20":"tag-societe"},"share_on_mastodon":{"url":"https:\/\/pubeurope.com\/@fr\/114552770604036227","error":""},"_links":{"self":[{"href":"https:\/\/www.europesays.com\/fr\/wp-json\/wp\/v2\/posts\/120020","targetHints":{"allow":["GET"]}}],"collection":[{"href":"https:\/\/www.europesays.com\/fr\/wp-json\/wp\/v2\/posts"}],"about":[{"href":"https:\/\/www.europesays.com\/fr\/wp-json\/wp\/v2\/types\/post"}],"author":[{"embeddable":true,"href":"https:\/\/www.europesays.com\/fr\/wp-json\/wp\/v2\/users\/2"}],"replies":[{"embeddable":true,"href":"https:\/\/www.europesays.com\/fr\/wp-json\/wp\/v2\/comments?post=120020"}],"version-history":[{"count":0,"href":"https:\/\/www.europesays.com\/fr\/wp-json\/wp\/v2\/posts\/120020\/revisions"}],"wp:featuredmedia":[{"embeddable":true,"href":"https:\/\/www.europesays.com\/fr\/wp-json\/wp\/v2\/media\/120021"}],"wp:attachment":[{"href":"https:\/\/www.europesays.com\/fr\/wp-json\/wp\/v2\/media?parent=120020"}],"wp:term":[{"taxonomy":"category","embeddable":true,"href":"https:\/\/www.europesays.com\/fr\/wp-json\/wp\/v2\/categories?post=120020"},{"taxonomy":"post_tag","embeddable":true,"href":"https:\/\/www.europesays.com\/fr\/wp-json\/wp\/v2\/tags?post=120020"}],"curies":[{"name":"wp","href":"https:\/\/api.w.org\/{rel}","templated":true}]}}