{"id":120030,"date":"2025-05-22T17:59:10","date_gmt":"2025-05-22T17:59:10","guid":{"rendered":"https:\/\/www.europesays.com\/fr\/120030\/"},"modified":"2025-05-22T17:59:10","modified_gmt":"2025-05-22T17:59:10","slug":"ce-qui-vous-attend-pour-le-week-end-douverture","status":"publish","type":"post","link":"https:\/\/www.europesays.com\/fr\/120030\/","title":{"rendered":"ce qui vous attend pour le week-end d&rsquo;ouverture"},"content":{"rendered":"<p>            Par<br \/>\n        <strong><br \/>\n            <a href=\"https:\/\/actu.fr\/auteur\/gabriel-kenedi\" title=\"Consulter tous les articles de Gabriel Kenedi\" rel=\"nofollow noopener\" target=\"_blank\">Gabriel Kenedi<\/a><br \/>\n        <\/strong><\/p>\n<p>        Publi\u00e9 le<\/p>\n<p>            22 mai 2025 \u00e0 19h50        <\/p>\n<p>Le <strong>Nouveau Printemps<\/strong>, festival de cr\u00e9ation contemporaine, invite chaque ann\u00e9e un ou une artiste \u00e0 imaginer une programmation pour un quartier de Toulouse. Cette ann\u00e9e, le festival investit le quartier Saint-Sernin en donnant carte blanche \u00e0 l\u2019artiste <strong>Kiddy Smile<\/strong>. \u00ab\u00a0Musicien, DJ, vogueur, performeur, jury de l\u2019\u00e9mission Drag Race, ic\u00f4ne mode, Kiddy Smile est en lui-m\u00eame un cr\u00e9ateur multifacette et f\u00e9d\u00e9rateur\u00a0\u00bb, indique l\u2019\u00e9quipe du festival, qui est de retour \u00e0 Toulouse du 23 mai au 22 juin 2025.\u00a0<\/p>\n<p>39 artistes invit\u00e9s\u00a0<br \/>\n    <img   decoding=\"async\" loading=\"lazy\" src=\"https:\/\/www.europesays.com\/fr\/wp-content\/uploads\/2025\/05\/kiddy-smile-960x640.jpg\" alt=\"Kiddy Smile a imagin\u00e9 la programmation du Nouveau Printemps.\u00a0\" width=\"960\" height=\"640\"\/><br \/>\n    Kiddy Smile a imagin\u00e9 la programmation du Nouveau Printemps.\u00a0 (\u00a9Andr\u00e9 Atangana)<\/p>\n<p class=\" wall-content\">\u00ab\u00a0L\u2019\u00e9dition 2025 rassemble <strong>39 artistes invit\u00e9s<\/strong>, 14 nouvelles cr\u00e9ations, 10 lieux, 4 projets dans l\u2019espace public, des partenariats avec 4 \u00e9coles sup\u00e9rieures ou universit\u00e9s ainsi que de nombreuses collaborations et coproductions locales et nationales\u00a0\u00bb, d\u00e9crypte Eug\u00e9nie Lefebvre, la pr\u00e9sidente du Nouveau Printemps.\u00a0<\/p>\n<p class=\" wall-content\">\u00ab\u00a0Parce que mes diff\u00e9rentes identit\u00e9s sont simultan\u00e9es et non successivement incarn\u00e9es, elles sont autant de sources d\u2019inspiration que de motivations \u00e0 bousculer l\u2019ordre \u00e9tabli. Aujourd\u2019hui, cr\u00e9er des espaces propices \u00e0 la lib\u00e9ration et \u00e0 l\u2019amplification des voix marginalis\u00e9es m\u2019appara\u00eet comme<strong> une n\u00e9cessit\u00e9 vitale<\/strong>\u00ab\u00a0, souligne de son c\u00f4t\u00e9 Kiddy Smile.\u00a0<\/p>\n<p>Vid\u00e9os : en ce moment sur ActuUn week-end d\u2019ouverture de folie\u00a0<\/p>\n<p class=\" wall-content\">Pour le d\u00e9marrage du festival, les programmateurs ont concoct\u00e9<strong> trois jours de f\u00eate<\/strong>. Et le menu s\u2019annonce foisonnant, avec des expos, des projections, des balades, des performances, des DJ sets ou encore des d\u00e9ambulations festives.<\/p>\n<p class=\" wall-content\">Un <strong>week-end gratuit et ouvert \u00e0 tous<\/strong> (parfois sur inscription, il est conseill\u00e9 de regarder le programme en d\u00e9tail). Le vendredi 23 mai, la soir\u00e9e d\u2019ouverture aura lieu \u00e0 partir de 18h30, au clo\u00eetre de l\u2019Universit\u00e9 du Capitole. Une soir\u00e9e m\u00ealant <strong>danse, DJ set<\/strong> (avec notamment Kiddy Smile aux platines) et<strong> performances artistiques<\/strong>. Samedi, ne manquez pas la performance de <strong>Nikki Gucci<\/strong> \u00e0 la Chapelle des Cordeliers, ou encore la soir\u00e9e Rose Ball au clo\u00eetre de l\u2019Universit\u00e9 du Capitole.<\/p>\n<p>Visites flash<\/p>\n<p class=\" wall-content\">Dimanche, plusieurs visites flash auront lieu au<strong> Mus\u00e9e Saint-Raymond<\/strong> tandis que Le Nouveau Printemps cl\u00f4turera cette nouvelle \u00e9dition au Bikini, pour une nouvelle f\u00eate organis\u00e9e par<strong> La Gayguette,<\/strong> \u00e0 partir de 18 heures.\u00a0<\/p>\n<p>Du 23 mai au 22 juin, \u00e0 Toulouse. Programmation riche et foisonnante. Pour plus d\u2019infos,rendez-vous <a href=\"https:\/\/lenouveauprintemps.com\/\" rel=\"nofollow noopener\" target=\"_blank\">sur le site du Nouveau Printemps<\/a>.\u00a0<\/p>\n<p class=\" wall-content\">Suivez toute l\u2019actualit\u00e9 de vos villes et m\u00e9dias favoris en vous inscrivant \u00e0 <a href=\"https:\/\/moncompte.actu.fr\" title=\"D\u00e9couvez Mon Actu\" rel=\"nofollow noopener\" data-trk=\"{&quot;cta&quot;:{&quot;action&quot;:&quot;https:\\\/\\\/moncompte.actu.fr&quot;,&quot;category&quot;:&quot;mon compte&quot;,&quot;from&quot;:&quot;article footer&quot;,&quot;name&quot;:&quot;Mon actu&quot;,&quot;type&quot;:&quot;cta&quot;}}\" target=\"_blank\">Mon Actu<\/a>.<\/p>\n","protected":false},"excerpt":{"rendered":"Par Gabriel Kenedi Publi\u00e9 le 22 mai 2025 \u00e0 19h50 Le Nouveau Printemps, festival de cr\u00e9ation contemporaine, invite&hellip;\n","protected":false},"author":2,"featured_media":120031,"comment_status":"","ping_status":"","sticky":false,"template":"","format":"standard","meta":{"footnotes":""},"categories":[2816],"tags":[1111,11,1777,674,1011,27,1652,12,2680,25,1341,2312],"class_list":{"0":"post-120030","1":"post","2":"type-post","3":"status-publish","4":"format-standard","5":"has-post-thumbnail","7":"category-toulouse","8":"tag-actu","9":"tag-actualites","10":"tag-eu","11":"tag-europe","12":"tag-fr","13":"tag-france","14":"tag-loisirs-culture","15":"tag-news","16":"tag-occitanie","17":"tag-republique-francaise","18":"tag-sortir-a-toulouse","19":"tag-toulouse"},"share_on_mastodon":{"url":"https:\/\/pubeurope.com\/@fr\/114552790364265357","error":""},"_links":{"self":[{"href":"https:\/\/www.europesays.com\/fr\/wp-json\/wp\/v2\/posts\/120030","targetHints":{"allow":["GET"]}}],"collection":[{"href":"https:\/\/www.europesays.com\/fr\/wp-json\/wp\/v2\/posts"}],"about":[{"href":"https:\/\/www.europesays.com\/fr\/wp-json\/wp\/v2\/types\/post"}],"author":[{"embeddable":true,"href":"https:\/\/www.europesays.com\/fr\/wp-json\/wp\/v2\/users\/2"}],"replies":[{"embeddable":true,"href":"https:\/\/www.europesays.com\/fr\/wp-json\/wp\/v2\/comments?post=120030"}],"version-history":[{"count":0,"href":"https:\/\/www.europesays.com\/fr\/wp-json\/wp\/v2\/posts\/120030\/revisions"}],"wp:featuredmedia":[{"embeddable":true,"href":"https:\/\/www.europesays.com\/fr\/wp-json\/wp\/v2\/media\/120031"}],"wp:attachment":[{"href":"https:\/\/www.europesays.com\/fr\/wp-json\/wp\/v2\/media?parent=120030"}],"wp:term":[{"taxonomy":"category","embeddable":true,"href":"https:\/\/www.europesays.com\/fr\/wp-json\/wp\/v2\/categories?post=120030"},{"taxonomy":"post_tag","embeddable":true,"href":"https:\/\/www.europesays.com\/fr\/wp-json\/wp\/v2\/tags?post=120030"}],"curies":[{"name":"wp","href":"https:\/\/api.w.org\/{rel}","templated":true}]}}