{"id":120036,"date":"2025-05-22T18:02:08","date_gmt":"2025-05-22T18:02:08","guid":{"rendered":"https:\/\/www.europesays.com\/fr\/120036\/"},"modified":"2025-05-22T18:02:08","modified_gmt":"2025-05-22T18:02:08","slug":"a-marseille-aurore-berge-vante-le-testing-contre-les-discriminations-a-lembauche","status":"publish","type":"post","link":"https:\/\/www.europesays.com\/fr\/120036\/","title":{"rendered":"\u00c0 Marseille, Aurore Berg\u00e9 vante le \u00ab\u00a0testing\u00a0\u00bb contre les discriminations \u00e0 l&#8217;embauche"},"content":{"rendered":"<p>Une dizaine de \u00ab\u00a0s\u00e9quences\u00a0\u00bb en 48\u00a0heures\u00a0: Aurore Berg\u00e9 avait d\u00e9cid\u00e9 de faire \u00e0 <a href=\"https:\/\/www.laprovence.com\/bouches-du-rhone\/marseille-13055\" target=\"_blank\" rel=\"nofollow noopener\">Marseille<\/a>, ces jeudi 22\u00a0mai et vendredi 23\u00a0mai, un d\u00e9placement \u00ab\u00a0dense\u00a0\u00bb, comme le confie son entourage. Avec un double message pour la ministre d\u00e9l\u00e9gu\u00e9e\u00a0: la lutte contre <a href=\"https:\/\/www.laprovence.com\/actu\/en-direct\/5852872\/discrimination-a-lembauche-des-entreprises-seront-denoncees-annonce-schiappa.html\" target=\"_blank\" rel=\"nofollow noopener\">la discrimination \u00e0 l\u2019embauche<\/a> mais aussi contre les violences faites aux femmes, correspondant aux deux volets de son portefeuille.<\/p>\n","protected":false},"excerpt":{"rendered":"Une dizaine de \u00ab\u00a0s\u00e9quences\u00a0\u00bb en 48\u00a0heures\u00a0: Aurore Berg\u00e9 avait d\u00e9cid\u00e9 de faire \u00e0 Marseille, ces jeudi 22\u00a0mai et&hellip;\n","protected":false},"author":2,"featured_media":120037,"comment_status":"","ping_status":"","sticky":false,"template":"","format":"standard","meta":{"footnotes":""},"categories":[2814],"tags":[17,1111,11,24140,9575,1444,1777,674,1011,27,151,884,12,316,882,25,24142,24141],"class_list":{"0":"post-120036","1":"post","2":"type-post","3":"status-publish","4":"format-standard","5":"has-post-thumbnail","7":"category-marseille","8":"tag-17","9":"tag-actu","10":"tag-actualites","11":"tag-aurore","12":"tag-berge","13":"tag-contre","14":"tag-eu","15":"tag-europe","16":"tag-fr","17":"tag-france","18":"tag-les","19":"tag-marseille","20":"tag-news","21":"tag-politique","22":"tag-provence-alpes-cote-dazur","23":"tag-republique-francaise","24":"tag-testing","25":"tag-vante"},"share_on_mastodon":{"url":"https:\/\/pubeurope.com\/@fr\/114552802078303147","error":""},"_links":{"self":[{"href":"https:\/\/www.europesays.com\/fr\/wp-json\/wp\/v2\/posts\/120036","targetHints":{"allow":["GET"]}}],"collection":[{"href":"https:\/\/www.europesays.com\/fr\/wp-json\/wp\/v2\/posts"}],"about":[{"href":"https:\/\/www.europesays.com\/fr\/wp-json\/wp\/v2\/types\/post"}],"author":[{"embeddable":true,"href":"https:\/\/www.europesays.com\/fr\/wp-json\/wp\/v2\/users\/2"}],"replies":[{"embeddable":true,"href":"https:\/\/www.europesays.com\/fr\/wp-json\/wp\/v2\/comments?post=120036"}],"version-history":[{"count":0,"href":"https:\/\/www.europesays.com\/fr\/wp-json\/wp\/v2\/posts\/120036\/revisions"}],"wp:featuredmedia":[{"embeddable":true,"href":"https:\/\/www.europesays.com\/fr\/wp-json\/wp\/v2\/media\/120037"}],"wp:attachment":[{"href":"https:\/\/www.europesays.com\/fr\/wp-json\/wp\/v2\/media?parent=120036"}],"wp:term":[{"taxonomy":"category","embeddable":true,"href":"https:\/\/www.europesays.com\/fr\/wp-json\/wp\/v2\/categories?post=120036"},{"taxonomy":"post_tag","embeddable":true,"href":"https:\/\/www.europesays.com\/fr\/wp-json\/wp\/v2\/tags?post=120036"}],"curies":[{"name":"wp","href":"https:\/\/api.w.org\/{rel}","templated":true}]}}