{"id":120038,"date":"2025-05-22T18:03:09","date_gmt":"2025-05-22T18:03:09","guid":{"rendered":"https:\/\/www.europesays.com\/fr\/120038\/"},"modified":"2025-05-22T18:03:09","modified_gmt":"2025-05-22T18:03:09","slug":"les-30-ans-du-festival-de-marseille","status":"publish","type":"post","link":"https:\/\/www.europesays.com\/fr\/120038\/","title":{"rendered":"Les 30 ans du Festival de Marseille"},"content":{"rendered":"<p><strong>Pour ses 30 ans, le Festival de Marseille offre \u00e0 la ville 36 propositions, bien ancr\u00e9es dans ses valeurs, dans la diversit\u00e9 des corps, des styles, des origines.<\/strong><\/p>\n<p>L\u2019ouverture du festival sera le reflet de cet engagement, puisque les jeunes \u00e9l\u00e8ves de 17 classes d\u2019\u00e9coles et de coll\u00e8ges vont faire l\u2019\u00e9v\u00e9nement en investissant l\u2019espace public de leurs r\u00eaves, de leurs aspirations, sous la direction de la chor\u00e9graphe implant\u00e9e \u00e0 Marseille Marina Gomes. Manif\u00eate porte bien son nom, entre r\u00e9cits individuels et collectifs, et affirmation de la citoyennet\u00e9. Plus largement, le festival est aux avant-postes de l\u2019accueil de compagnies venues du monde entier. Beaucoup d\u2019artistes en profitent pour t\u00e9moigner d\u2019un profond ancrage dans les pratiques culturelles qui les ont berc\u00e9s\u00a0: Pol Jim\u00e9nez avec son faune tr\u00e8s attach\u00e9 aux danses espagnoles traditionnelles et folkloriques, le Palestinien Amir Sabra qui m\u00eale hip hop et dabkeh, les deux Egyptiennes Noura Seif Hassanein et Salma Abdel Salam inspir\u00e9es par la danse traditionnelle shamadan\u2026<\/p>\n<p><strong>Dialogues du monde de l\u2019art avec le handicap <\/strong><\/p>\n<p>Des grands noms de la sc\u00e8ne internationale viennent faire leur Premi\u00e8re en France \u00e0 Marseille. Ainsi Christos Papadopoulos continue de tracer ses fascinants paysages mouvants \u00e0 travers une nouvelle pi\u00e8ce pour dix interpr\u00e8tes, My Fierce ignorant step. Idem pour l\u2019am\u00e9ricaine Faye Driscoll, dans une performance \u00ab\u00a0m\u00e9dusante\u00a0\u00bb qui engage les corps dans un enchev\u00eatrement proche du chaos. Tr\u00e8s actif sur la question de la repr\u00e9sentation de tous les corps, le festival accueille la collaboration entre la compagnie L\u2019Autre Maison et la danseuse et chor\u00e9graphe Annie Hanauer dans Starting with the limbs, ainsi que la Candoco Dance Company sous la direction artistique de l\u2019Australien Dan Daw dans Over and Over (and over again).<\/p>\n<p>\u00a0<\/p>\n<p>Nathalie Yokel<\/p>\n","protected":false},"excerpt":{"rendered":"Pour ses 30 ans, le Festival de Marseille offre \u00e0 la ville 36 propositions, bien ancr\u00e9es dans ses&hellip;\n","protected":false},"author":2,"featured_media":120039,"comment_status":"","ping_status":"","sticky":false,"template":"","format":"standard","meta":{"footnotes":""},"categories":[2814],"tags":[1111,11,1777,674,24143,1011,27,24144,884,12,882,25,24145],"class_list":{"0":"post-120038","1":"post","2":"type-post","3":"status-publish","4":"format-standard","5":"has-post-thumbnail","7":"category-marseille","8":"tag-actu","9":"tag-actualites","10":"tag-eu","11":"tag-europe","12":"tag-faye-driscoll","13":"tag-fr","14":"tag-france","15":"tag-les-30-ans-du-festival-de-marseille","16":"tag-marseille","17":"tag-news","18":"tag-provence-alpes-cote-dazur","19":"tag-republique-francaise","20":"tag-weathering"},"share_on_mastodon":{"url":"https:\/\/pubeurope.com\/@fr\/114552806155556120","error":""},"_links":{"self":[{"href":"https:\/\/www.europesays.com\/fr\/wp-json\/wp\/v2\/posts\/120038","targetHints":{"allow":["GET"]}}],"collection":[{"href":"https:\/\/www.europesays.com\/fr\/wp-json\/wp\/v2\/posts"}],"about":[{"href":"https:\/\/www.europesays.com\/fr\/wp-json\/wp\/v2\/types\/post"}],"author":[{"embeddable":true,"href":"https:\/\/www.europesays.com\/fr\/wp-json\/wp\/v2\/users\/2"}],"replies":[{"embeddable":true,"href":"https:\/\/www.europesays.com\/fr\/wp-json\/wp\/v2\/comments?post=120038"}],"version-history":[{"count":0,"href":"https:\/\/www.europesays.com\/fr\/wp-json\/wp\/v2\/posts\/120038\/revisions"}],"wp:featuredmedia":[{"embeddable":true,"href":"https:\/\/www.europesays.com\/fr\/wp-json\/wp\/v2\/media\/120039"}],"wp:attachment":[{"href":"https:\/\/www.europesays.com\/fr\/wp-json\/wp\/v2\/media?parent=120038"}],"wp:term":[{"taxonomy":"category","embeddable":true,"href":"https:\/\/www.europesays.com\/fr\/wp-json\/wp\/v2\/categories?post=120038"},{"taxonomy":"post_tag","embeddable":true,"href":"https:\/\/www.europesays.com\/fr\/wp-json\/wp\/v2\/tags?post=120038"}],"curies":[{"name":"wp","href":"https:\/\/api.w.org\/{rel}","templated":true}]}}