{"id":120046,"date":"2025-05-22T18:07:09","date_gmt":"2025-05-22T18:07:09","guid":{"rendered":"https:\/\/www.europesays.com\/fr\/120046\/"},"modified":"2025-05-22T18:07:09","modified_gmt":"2025-05-22T18:07:09","slug":"enfin-devoilee-la-liste-des-metiers-en-tension-revele-certaines-failles","status":"publish","type":"post","link":"https:\/\/www.europesays.com\/fr\/120046\/","title":{"rendered":"enfin d\u00e9voil\u00e9e, la liste des m\u00e9tiers en tension r\u00e9v\u00e8le certaines failles"},"content":{"rendered":"<p>Attendue depuis un an, la liste actualis\u00e9e des m\u00e9tiers en tension en France a \u00e9t\u00e9 publi\u00e9e ce jeudi 22 mai au Journal officiel par le minist\u00e8re du Travail. Les m\u00e9tiers concern\u00e9s ne sont pas les m\u00eames selon les r\u00e9gions.<\/p>\n<p>La vingtaine de pages publi\u00e9es ce jeudi au Journal officiel d\u00e9taille les professions consid\u00e9r\u00e9es \u00ab en tension \u00bb dans chaque r\u00e9gion de <strong><a href=\"https:\/\/www.rfi.fr\/fr\/tag\/france\/\" rel=\"nofollow noopener\" target=\"_blank\" data-ylk=\"slk:France;elm:context_link;itc:0;sec:content-canvas\" class=\"link \">France<\/a><\/strong>. La liste, qui concerne environ 80 professions pour lesquelles les employeurs ont du mal \u00e0 recruter du personnel, ouvre \u00e9galement la voie \u00e0 une r\u00e9gularisation des travailleurs \u00e9trangers qui exer\u00e7aient jusque-l\u00e0 ces activit\u00e9s ill\u00e9galement. Tous les secteurs ne sont donc pas log\u00e9s \u00e0 la m\u00eame enseigne. Dans l&rsquo;h\u00f4tellerie et la restauration, premier recruteur du pays, la liste \u00e9tait attendue depuis longtemps puisque le secteur peine \u00e0 embaucher. \u00ab C&rsquo;est un soulagement, mais il y a des trous dans la raquette \u00bb, analyse Alain Fontaine, g\u00e9rant d&rsquo;un restaurant parisien et pr\u00e9sident de l&rsquo;Association fran\u00e7aise des ma\u00eetres restaurateurs.<\/p>\n<p>En Provence Alpes-C\u00f4tes d&rsquo;Azur, on retrouve \u00ab cuisiniers \u00bb, \u00ab chefs cuisiniers \u00bb, \u00ab apprentis cuisiniers \u00bb, \u00ab aides de cuisine \u00bb et \u00ab employ\u00e9s polyvalents de la restauration \u00bb dans cette liste. Une bonne nouvelle pour le secteur \u00e0 la veille de la saison estivale. En revanche, en \u00cele-de-France, seul \u00ab cuisinier \u00bb figure sur la liste. \u00ab Les plongeurs ne font pas partie de la liste, c&rsquo;est tr\u00e8s g\u00eanant, ajoute Alain Fontaine. En \u00cele-de-France, 95% des plongeurs sont issus de l&rsquo;immigration, r\u00e9gularis\u00e9s, fran\u00e7ais, ou pas. Et \u00e7a ne fait pas partie de la liste des m\u00e9tiers en tension. \u00c7a va poser un probl\u00e8me. \u00bb<\/p>\n<p>Une publication attendue et qui ne fait pas l&rsquo;unanimit\u00e9<\/p>\n<p><a href=\"https:\/\/www.rfi.fr\/fr\/france\/20250522-france-enfin-d%C3%A9voil%C3%A9e-la-liste-des-m%C3%A9tiers-en-tension-r%C3%A9v%C3%A8le-certaines-failles\" rel=\"nofollow noopener\" target=\"_blank\" data-ylk=\"slk:Lire la suite sur RFI;elm:context_link;itc:0;sec:content-canvas\" class=\"link \">Lire la suite sur RFI<\/a><\/p>\n","protected":false},"excerpt":{"rendered":"Attendue depuis un an, la liste actualis\u00e9e des m\u00e9tiers en tension en France a \u00e9t\u00e9 publi\u00e9e ce jeudi&hellip;\n","protected":false},"author":2,"featured_media":120047,"comment_status":"","ping_status":"","sticky":false,"template":"","format":"standard","meta":{"footnotes":""},"categories":[1592],"tags":[1111,11,24148,1777,674,1011,27,662,24146,24147,16272,12,626,25],"class_list":{"0":"post-120046","1":"post","2":"type-post","3":"status-publish","4":"format-standard","5":"has-post-thumbnail","7":"category-ile-de-france","8":"tag-actu","9":"tag-actualites","10":"tag-alain-fontaine","11":"tag-eu","12":"tag-europe","13":"tag-fr","14":"tag-france","15":"tag-ile-de-france","16":"tag-journal-officiel","17":"tag-metiers-en-tension","18":"tag-ministere-du-travail","19":"tag-news","20":"tag-paris","21":"tag-republique-francaise"},"share_on_mastodon":{"url":"https:\/\/pubeurope.com\/@fr\/114552821774544718","error":""},"_links":{"self":[{"href":"https:\/\/www.europesays.com\/fr\/wp-json\/wp\/v2\/posts\/120046","targetHints":{"allow":["GET"]}}],"collection":[{"href":"https:\/\/www.europesays.com\/fr\/wp-json\/wp\/v2\/posts"}],"about":[{"href":"https:\/\/www.europesays.com\/fr\/wp-json\/wp\/v2\/types\/post"}],"author":[{"embeddable":true,"href":"https:\/\/www.europesays.com\/fr\/wp-json\/wp\/v2\/users\/2"}],"replies":[{"embeddable":true,"href":"https:\/\/www.europesays.com\/fr\/wp-json\/wp\/v2\/comments?post=120046"}],"version-history":[{"count":0,"href":"https:\/\/www.europesays.com\/fr\/wp-json\/wp\/v2\/posts\/120046\/revisions"}],"wp:featuredmedia":[{"embeddable":true,"href":"https:\/\/www.europesays.com\/fr\/wp-json\/wp\/v2\/media\/120047"}],"wp:attachment":[{"href":"https:\/\/www.europesays.com\/fr\/wp-json\/wp\/v2\/media?parent=120046"}],"wp:term":[{"taxonomy":"category","embeddable":true,"href":"https:\/\/www.europesays.com\/fr\/wp-json\/wp\/v2\/categories?post=120046"},{"taxonomy":"post_tag","embeddable":true,"href":"https:\/\/www.europesays.com\/fr\/wp-json\/wp\/v2\/tags?post=120046"}],"curies":[{"name":"wp","href":"https:\/\/api.w.org\/{rel}","templated":true}]}}