{"id":120048,"date":"2025-05-22T18:08:08","date_gmt":"2025-05-22T18:08:08","guid":{"rendered":"https:\/\/www.europesays.com\/fr\/120048\/"},"modified":"2025-05-22T18:08:08","modified_gmt":"2025-05-22T18:08:08","slug":"on-sait-enfin-quand-ils-seront-deployes","status":"publish","type":"post","link":"https:\/\/www.europesays.com\/fr\/120048\/","title":{"rendered":"on sait enfin quand ils seront d\u00e9ploy\u00e9s"},"content":{"rendered":"<p>            Par<br \/>\n        <strong><br \/>\n            <a href=\"https:\/\/actu.fr\/auteur\/florent-arnold\" title=\"Consulter tous les articles de Florent Arnold\" target=\"_blank\" rel=\"noopener\">Florent Arnold<\/a><br \/>\n        <\/strong><\/p>\n<p>        Publi\u00e9 le<\/p>\n<p>            22 mai 2025 \u00e0 15h51        <\/p>\n<p><strong>Le manque d\u2019un tel service \u00e9tait vu comme une aberration<\/strong> par de nombreux citoyens. Nous l\u2019avons appris le 21\u00a0mai 2025, ce n\u2019est <strong>plus qu\u2019une question de mois<\/strong> avant que <a href=\"https:\/\/actu.fr\/grand-est\/metz_57463\/eurometropole-de-metz-des-velos-en-libre-service-vont-etre-deployes-voici-quand_61625881.html\" target=\"_blank\" rel=\"noopener\">les v\u00e9los en libre-service<\/a> ne fassent leur retour dans la <a href=\"https:\/\/actu.fr\/tag\/metz-metropole\" target=\"_blank\" rel=\"noopener\">m\u00e9tropole de Metz<\/a> (Moselle).<\/p>\n<p class=\" wall-content\">Une nouvelle rassurante, au vu des p\u00e9rip\u00e9ties qu\u2019a connues le projet. Annonc\u00e9 en septembre 2024, le d\u00e9ploiement des v\u00e9los en libre-service<strong> avait pris du plomb dans l\u2019aile<\/strong> lorsque le premier ministre <a href=\"https:\/\/actu.fr\/politique\/demission-de-michel-barnier-nouveau-premier-ministre-budget-que-va-t-il-se-passer-maintenant_61956967.html\" target=\"_blank\" rel=\"noopener\">Michel Barnier avait d\u00e9missionn\u00e9<\/a> le 5\u00a0d\u00e9cembre dernier.<\/p>\n<p class=\" wall-content\">Le projet de loi de finance pour 2025 n\u2019ayant pas \u00e9t\u00e9 adopt\u00e9 dans les d\u00e9lais, le projet de v\u00e9los m\u00e9tropolitain avait \u00e9t\u00e9 \u00ab\u2009r\u00e9interrog\u00e9 aux niveaux des d\u00e9penses\u2009\u00bb, <strong>puis gel\u00e9 pour une dur\u00e9e ind\u00e9termin\u00e9e<\/strong>.<\/p>\n<p>V\u00e9los en libre-service \u00e0 Metz M\u00e9tropole\u2009: rendez-vous \u00e0 la rentr\u00e9e<\/p>\n<p class=\" wall-content\">Finalement, en d\u00e9pla\u00e7ant ce projet d\u2019un budget \u00e0 un autre, <strong>le d\u00e9ploiement des v\u00e9los en libre-service avait \u00e9t\u00e9 sauv\u00e9<\/strong>\u2026 <strong>avant de prendre du retard<\/strong> dans le choix du prestataire.<\/p>\n<p class=\" wall-content\">Les v\u00e9los en libre-service \u00e0 Metz M\u00e9tropole seront <strong>op\u00e9rationnels<\/strong> d\u2019ici \u00e0 un peu plus de trois mois\u2009: <strong>pour la rentr\u00e9e scolaire de septembre\u00a02025<\/strong>, confirme Christophe Pr\u00e9vost, conseiller d\u00e9l\u00e9gu\u00e9 charg\u00e9 du Plan V\u00e9lo de la M\u00e9tropole de <a href=\"https:\/\/actu.fr\/grand-est\/metz_57463\" target=\"_blank\" rel=\"noopener\">Metz<\/a>.<\/p>\n<p>Une premi\u00e8re tentative rat\u00e9e en 2017<\/p>\n<p>Une premi\u00e8re tentative de v\u00e9los en libre-service avait \u00e9t\u00e9 d\u00e9ploy\u00e9e \u00e0 Metz en 2017. Le groupe Indigo proposait alors des deux-roues en \u00ab\u2009free floating\u2009\u00bb. Il s\u2019agissait d\u2019un syst\u00e8me quelque peu diff\u00e9rent car il n\u2019y avait pas de station fixe. L\u2019utilisateur pouvait d\u00e9poser le v\u00e9lo o\u00f9 bon lui semblait. Trois ans plus tard, en 2020, Indigo arr\u00eate ce service en raison d\u2019un manque de rentabilit\u00e9 et d\u2019un \u00ab\u2009haut niveau de vandalisme\u2009\u00bb, d\u2019apr\u00e8s le groupe.<\/p>\n<p>Christophe Pr\u00e9vost confie que si ce projet n\u2019a pas \u00e9t\u00e9 lanc\u00e9 plus t\u00f4t, c\u2019est en partie \u00e0 cause de la pr\u00e9c\u00e9dente exp\u00e9rience qui avait refroidi certains \u00e9lus. N\u00e9anmoins, l\u2019\u00e9lu se montre toutefois confiant au sujet du civisme des Messins, expliquant que de toute mani\u00e8re, la technologie contre le vandalisme a \u00e9volu\u00e9 gr\u00e2ce \u00e0 la g\u00e9olocalisation.<\/p>\n<p>Voir tout<\/p>\n<p class=\" wall-content\">Les premi\u00e8res stations et les premiers v\u00e9los sont attendus d\u00e8s le mois d\u2019ao\u00fbt. Concernant <strong>le prestataire<\/strong>, <strong>le nom <\/strong>de ce nouveau service,<strong> les couleurs<\/strong> des v\u00e9los et d\u2019autres \u00ab\u2009surprises\u2009\u00bb, il faudra patienter jusqu\u2019\u00e0 la prochaine conf\u00e9rence de presse, <strong>le 3\u00a0juin prochain<\/strong>.<\/p>\n<p class=\" wall-content\">Suivez toute l\u2019actualit\u00e9 de vos villes et m\u00e9dias favoris en vous inscrivant \u00e0 <a href=\"https:\/\/moncompte.actu.fr\" title=\"D\u00e9couvez Mon Actu\" rel=\"nofollow noopener\" data-trk=\"{&quot;cta&quot;:{&quot;action&quot;:&quot;https:\\\/\\\/moncompte.actu.fr&quot;,&quot;category&quot;:&quot;mon compte&quot;,&quot;from&quot;:&quot;article footer&quot;,&quot;name&quot;:&quot;Mon actu&quot;,&quot;type&quot;:&quot;cta&quot;}}\" target=\"_blank\">Mon Actu<\/a>.<\/p>\n","protected":false},"excerpt":{"rendered":"Par Florent Arnold Publi\u00e9 le 22 mai 2025 \u00e0 15h51 Le manque d\u2019un tel service \u00e9tait vu comme&hellip;\n","protected":false},"author":2,"featured_media":120049,"comment_status":"","ping_status":"","sticky":false,"template":"","format":"standard","meta":{"footnotes":""},"categories":[1888],"tags":[1111,1928,11,1927,1777,24149,674,1011,27,12,1926,626,1925,25,104,208,3459],"class_list":{"0":"post-120048","1":"post","2":"type-post","3":"status-publish","4":"format-standard","5":"has-post-thumbnail","7":"category-paris","8":"tag-actu","9":"tag-actu-paris","10":"tag-actualites","11":"tag-actualites-paris","12":"tag-eu","13":"tag-eurometropole-de-metz","14":"tag-europe","15":"tag-fr","16":"tag-france","17":"tag-news","18":"tag-news-paris","19":"tag-paris","20":"tag-paris-news","21":"tag-republique-francaise","22":"tag-societe","23":"tag-velo","24":"tag-velo-electrique"},"share_on_mastodon":{"url":"https:\/\/pubeurope.com\/@fr\/114552825913520046","error":""},"_links":{"self":[{"href":"https:\/\/www.europesays.com\/fr\/wp-json\/wp\/v2\/posts\/120048","targetHints":{"allow":["GET"]}}],"collection":[{"href":"https:\/\/www.europesays.com\/fr\/wp-json\/wp\/v2\/posts"}],"about":[{"href":"https:\/\/www.europesays.com\/fr\/wp-json\/wp\/v2\/types\/post"}],"author":[{"embeddable":true,"href":"https:\/\/www.europesays.com\/fr\/wp-json\/wp\/v2\/users\/2"}],"replies":[{"embeddable":true,"href":"https:\/\/www.europesays.com\/fr\/wp-json\/wp\/v2\/comments?post=120048"}],"version-history":[{"count":0,"href":"https:\/\/www.europesays.com\/fr\/wp-json\/wp\/v2\/posts\/120048\/revisions"}],"wp:featuredmedia":[{"embeddable":true,"href":"https:\/\/www.europesays.com\/fr\/wp-json\/wp\/v2\/media\/120049"}],"wp:attachment":[{"href":"https:\/\/www.europesays.com\/fr\/wp-json\/wp\/v2\/media?parent=120048"}],"wp:term":[{"taxonomy":"category","embeddable":true,"href":"https:\/\/www.europesays.com\/fr\/wp-json\/wp\/v2\/categories?post=120048"},{"taxonomy":"post_tag","embeddable":true,"href":"https:\/\/www.europesays.com\/fr\/wp-json\/wp\/v2\/tags?post=120048"}],"curies":[{"name":"wp","href":"https:\/\/api.w.org\/{rel}","templated":true}]}}