{"id":120056,"date":"2025-05-22T18:12:10","date_gmt":"2025-05-22T18:12:10","guid":{"rendered":"https:\/\/www.europesays.com\/fr\/120056\/"},"modified":"2025-05-22T18:12:10","modified_gmt":"2025-05-22T18:12:10","slug":"une-veuve-de-soldat-russe-tue-sur-le-front-temoigne-sur-rtl","status":"publish","type":"post","link":"https:\/\/www.europesays.com\/fr\/120056\/","title":{"rendered":"une veuve de soldat russe tu\u00e9 sur le front t\u00e9moigne sur RTL"},"content":{"rendered":"<p class=\"article-p mdl\">De son mari, Diana garde pr\u00e9cieusement sa plaque militaire autour du cou qu&rsquo;elle caresse gentiment du bout des doigts. Le 2 septembre 2024, il a \u00e9t\u00e9 tu\u00e9 au combat dans la r\u00e9gion de Koursk.\u00a0<\/p>\n<p class=\"article-p mdl\">\u00ab\u00a0J&rsquo;ai re\u00e7u un appel de l&rsquo;arm\u00e9e. On m&rsquo;a dit votre conjoint est mort. Il a \u00e9t\u00e9 tu\u00e9 par un tireur embusqu\u00e9. Je n&rsquo;ai pas compris ce qui se passait. Son corps a \u00e9t\u00e9 r\u00e9cup\u00e9r\u00e9 apr\u00e8s six jours \u00e0 cause des drones ukrainiens. <strong>Ma vie s&rsquo;est effondr\u00e9e<\/strong>. Aujourd&rsquo;hui, je ne r\u00e9alise pas. Je ne peux pas accepter sa mort. Pour moi, c&rsquo;est comme s&rsquo;il se battait encore l\u00e0-bas. Je suis juste capable d&rsquo;aller sur sa tombe et pleurer\u00a0\u00bb, explique, en larmes, la jeune femme de 25 ans.\u00a0<\/p>\n<p class=\"article-p mdl\">La gorge nou\u00e9e, Diana parle des souvenirs de son \u00e9poux Nikita qu&rsquo;elle connaissait depuis l&rsquo;\u00e9cole maternelle. Ils \u00e9taient tous les deux b\u00e9n\u00e9voles dans le m\u00eame centre patriotique. <strong>En 2018, ils se sont mari\u00e9s et ont donn\u00e9 naissance \u00e0 une petite fille<\/strong>.\u00a0\u00a0<\/p>\n<p class=\"article-p mdl\">En 2023, le mari de Diana signe un contrat avec une soci\u00e9t\u00e9 militaire priv\u00e9e rattach\u00e9e au Minist\u00e8re russe de la D\u00e9fense. Cette veuve \u00e9l\u00e8ve d\u00e9sormais seule sa fille et attend d&rsquo;\u00eatre indemnis\u00e9e par l&rsquo;\u00c9tat. \u00ab\u00a0Il s&rsquo;est engag\u00e9 par patriotisme. Il<strong> voulait aller tuer les nazis comme ses grands-parents l&rsquo;ont fait avant lui<\/strong>. Il disait : &lsquo;Je vais me battre l\u00e0-bas pour ne pas qu&rsquo;ils viennent jusqu&rsquo;ici&rsquo;. J&rsquo;avais peur, mais c&rsquo;\u00e9tait sa d\u00e9cision et je l&rsquo;ai soutenu\u00a0\u00bb.\u00a0<\/p>\n<blockquote class=\"article-quote\">\n<p class=\"article-quote-text icon icon-quote-v2\">Tout \u00e7a, c&rsquo;est juste de la politique pour laquelle nos hommes donnent leur vie<\/p>\n<p>Diana, veuve d&rsquo;un soldat russe tu\u00e9 en Ukraine<\/p>\n<\/blockquote>\n<p class=\"article-p mdl\">Et lorsque l&rsquo;on pose la question \u00e0 la jeune femme, si cette guerre vaut la peine de perdre l&rsquo;amour de sa vie, elle h\u00e9site un peu et finit par r\u00e9pondre sans d\u00e9tour. \u00ab\u00a0Nikita \u00e9tait un homme intelligent, brillant, c&rsquo;\u00e9tait mon soleil et un bon p\u00e8re. <strong>Aucune somme d&rsquo;argent ne pourra remplacer son absence<\/strong>. Aucune guerre ne justifie la mort d&rsquo;un proche. Tout \u00e7a, c&rsquo;est juste de la politique pour laquelle nos hommes donnent leur vie\u00a0\u00bb.\u00a0<\/p>\n<p class=\"article-p mdl\">Dans cette Russie o\u00f9 il est interdit de critiquer la guerre, Diana p\u00e8se ses mots et pr\u00e9f\u00e8re aujourd&rsquo;hui parler de son mari comme d&rsquo;un h\u00e9ros pour, dit-elle, que personne n&rsquo;oublie son sacrifice en Ukraine.<\/p>\n<p>    La r\u00e9daction vous recommande<\/p>\n<p class=\"s-newsletter__title\">\n                L\u2019actualit\u00e9 par la r\u00e9daction de RTL dans votre bo\u00eete mail.\n            <\/p>\n<p class=\"s-newsletter__subtitle\">\n                Gr\u00e2ce \u00e0 votre compte RTL abonnez-vous \u00e0 la newsletter RTL info pour suivre toute l&rsquo;actualit\u00e9 au quotidien\n            <\/p>\n<p>\n                                    Lire la suite\n                                <\/p>\n","protected":false},"excerpt":{"rendered":"De son mari, Diana garde pr\u00e9cieusement sa plaque militaire autour du cou qu&rsquo;elle caresse gentiment du bout des&hellip;\n","protected":false},"author":2,"featured_media":120057,"comment_status":"","ping_status":"","sticky":false,"template":"","format":"standard","meta":{"footnotes":""},"categories":[1591],"tags":[11,2120,1887,107,131,12,362,1885,1886,132,240],"class_list":{"0":"post-120056","1":"post","2":"type-post","3":"status-publish","4":"format-standard","5":"has-post-thumbnail","7":"category-russie","8":"tag-actualites","9":"tag-conflit","10":"tag-federation-de-russie","11":"tag-fil-info","12":"tag-guerre-en-ukraine","13":"tag-news","14":"tag-replay","15":"tag-russia","16":"tag-russian-federation","17":"tag-russie","18":"tag-temoignage"},"share_on_mastodon":{"url":"https:\/\/pubeurope.com\/@fr\/114552841515809400","error":""},"_links":{"self":[{"href":"https:\/\/www.europesays.com\/fr\/wp-json\/wp\/v2\/posts\/120056","targetHints":{"allow":["GET"]}}],"collection":[{"href":"https:\/\/www.europesays.com\/fr\/wp-json\/wp\/v2\/posts"}],"about":[{"href":"https:\/\/www.europesays.com\/fr\/wp-json\/wp\/v2\/types\/post"}],"author":[{"embeddable":true,"href":"https:\/\/www.europesays.com\/fr\/wp-json\/wp\/v2\/users\/2"}],"replies":[{"embeddable":true,"href":"https:\/\/www.europesays.com\/fr\/wp-json\/wp\/v2\/comments?post=120056"}],"version-history":[{"count":0,"href":"https:\/\/www.europesays.com\/fr\/wp-json\/wp\/v2\/posts\/120056\/revisions"}],"wp:featuredmedia":[{"embeddable":true,"href":"https:\/\/www.europesays.com\/fr\/wp-json\/wp\/v2\/media\/120057"}],"wp:attachment":[{"href":"https:\/\/www.europesays.com\/fr\/wp-json\/wp\/v2\/media?parent=120056"}],"wp:term":[{"taxonomy":"category","embeddable":true,"href":"https:\/\/www.europesays.com\/fr\/wp-json\/wp\/v2\/categories?post=120056"},{"taxonomy":"post_tag","embeddable":true,"href":"https:\/\/www.europesays.com\/fr\/wp-json\/wp\/v2\/tags?post=120056"}],"curies":[{"name":"wp","href":"https:\/\/api.w.org\/{rel}","templated":true}]}}