{"id":120058,"date":"2025-05-22T18:13:10","date_gmt":"2025-05-22T18:13:10","guid":{"rendered":"https:\/\/www.europesays.com\/fr\/120058\/"},"modified":"2025-05-22T18:13:10","modified_gmt":"2025-05-22T18:13:10","slug":"la-paix-pourrait-se-negocier-au-vatican-macron-accuse-de-haine","status":"publish","type":"post","link":"https:\/\/www.europesays.com\/fr\/120058\/","title":{"rendered":"La paix pourrait se n\u00e9gocier au Vatican, Macron accus\u00e9 de \u00ab\u00a0haine\u00a0\u00bb"},"content":{"rendered":"<p>Vous avez rat\u00e9 les derniers \u00e9v\u00e9nements sur la <a href=\"https:\/\/www.20minutes.fr\/monde\/ukraine\/\" class=\"color-ultramarine c-link\" target=\"_blank\" rel=\"noopener\">guerre en Ukraine<\/a>\u00a0? 20 Minutes fait le point pour vous tous les soirs. Entre les d\u00e9clarations fortes, les avanc\u00e9es sur le front et le bilan des combats, voici l\u2019essentiel de ce jeudi 22\u00a0mai, au 1.184e jour de la guerre.<\/p>\n<p>Le fait du jour<\/p>\n<p>Y aura-t-il bient\u00f4t de nouveaux pourparlers Russie-Ukraine au Vatican\u00a0? C\u2019est l\u2019hypoth\u00e8se avanc\u00e9e par le <a href=\"https:\/\/www.20minutes.fr\/dossier\/wall_street_journal\" class=\"color-ultramarine c-link\" target=\"_blank\" rel=\"noopener\">Wall Street Journal<\/a>. Selon le quotidien am\u00e9ricain, Donald Trump aurait en effet dit aux dirigeants europ\u00e9ens le 19\u00a0mai que les prochaines discussions de paix se d\u00e9rouleraient au Saint-Si\u00e8ge. Il faut dire que le nouveau <a href=\"https:\/\/www.20minutes.fr\/dossier\/pape\" class=\"color-ultramarine c-link\" target=\"_blank\" rel=\"noopener\">pape<\/a> am\u00e9ricain, L\u00e9on XIV, a propos\u00e9 la semaine derni\u00e8re sa m\u00e9diation aux bellig\u00e9rants du monde entier.<\/p>\n<p>En parall\u00e8le, le pr\u00e9sident finlandais Alexander Stubb a assur\u00e9 \u00e0 la t\u00e9l\u00e9vision publique finlandaise qu\u2019une r\u00e9union technique pourrait avoir lieu la semaine prochaine entre Russes et Ukrainiens, mais aussi avec les Am\u00e9ricains et les Europ\u00e9ens, au Vatican.<\/p>\n<p>De son c\u00f4t\u00e9, le Kremlin a affirm\u00e9 jeudi qu\u2019il n\u2019y avait toujours \u00ab\u00a0pas d\u2019accord\u00a0\u00bb sur une deuxi\u00e8me rencontre russo-ukrainienne en vue d\u2019un \u00e9ventuel cessez-le-feu. \u00ab\u00a0Il n\u2019y a pas encore d\u2019accord, pas d\u2019accord concret sur de prochaines rencontres\u00a0\u00bb, a balay\u00e9 le porte-parole de la pr\u00e9sidence russe, Dmitri Peskov.<\/p>\n<p>La Russie et l\u2019Ukraine avaient notamment pr\u00e9venu qu\u2019elles souhaitaient la mise en \u0153uvre de l\u2019\u00e9change de prisonniers \u00ab\u00a01.000 contre 1.000\u00a0\u00bb avant d\u2019envisager de poursuivre les discussions. \u00ab\u00a0Tout le monde souhaite que cela se fasse assez rapidement\u00a0\u00bb, a ajout\u00e9 Dmitri Peskov.<\/p>\n<p>Outre le <a href=\"https:\/\/www.20minutes.fr\/dossier\/vatican\" class=\"color-ultramarine c-link\" target=\"_blank\" rel=\"noopener\">Vatican<\/a>, la Suisse s\u2019est \u00e9galement port\u00e9e volontaire pour accueillir les prochaines n\u00e9gociations.<\/p>\n<p>La d\u00e9claration du jour<\/p>\n<blockquote class=\"mx-m@xs mx-xxl@md color-ultramarine c-citation\">\n<p class=\"font-weight-regular@xs text-italic font-source-serif-pro text-l@xs c-citation__content\">\u00ab\u00a0Le pr\u00e9sident Macron lui-m\u00eame ainsi que tous ses ministres d\u00e9bordent tout simplement de haine envers la Russie, la qualifiant de seul probl\u00e8me emp\u00eachant le r\u00e8glement ukrainien\u00a0\u00bb<\/p>\n<\/blockquote>\n<p>Les paroles sont sign\u00e9es <a href=\"https:\/\/www.20minutes.fr\/monde\/serguei-lavrov\/\" class=\"color-ultramarine c-link\" target=\"_blank\" rel=\"noopener\">Sergue\u00ef Lavrov<\/a>. Selon TF1-LCI, le ministre russe des Affaires \u00e9trang\u00e8res s\u2019en est pris \u00e0 la France et \u00e0 son pr\u00e9sident mercredi, accus\u00e9 de \u00ab\u00a0haine envers la Russie\u00a0\u00bb. \u00ab\u00a0Et par r\u00e8glement, ils n\u2019entendent qu\u2019une chose\u00a0: un cessez-le-feu inconditionnel d\u2019un mois, voire plus, pour qu\u2019ils puissent armer tranquillement l\u2019Ukraine et qu\u2019elle puisse renforcer ses positions d\u00e9fensives\u00a0\u00bb, a ajout\u00e9 le chef de la diplomatie russe, lors d\u2019une conf\u00e9rence de presse \u00e0 Erevan, en <a href=\"https:\/\/www.20minutes.fr\/monde\/armenie\/\" class=\"color-ultramarine c-link\" target=\"_blank\" rel=\"noopener\">Arm\u00e9nie<\/a>.<\/p>\n<p>Le chiffre du jour<\/p>\n<p>6,2\u00a0millions. C\u2019est le volume de tonnes d\u2019engrais russes import\u00e9es par l\u2019Union europ\u00e9enne en\u00a02024, alors que d\u00e9j\u00e0 pr\u00e8s de 2,5\u00a0millions l\u2019ont \u00e9t\u00e9 depuis le d\u00e9but\u00a0de l&rsquo;ann\u00e9e 2025, soit un quart de ses importations en la mati\u00e8re. Dans ce contexte, le Parlement europ\u00e9en a approuv\u00e9 ce jeudi une surtaxation des tonnes d\u2019engrais import\u00e9es de Russie en Europe, malgr\u00e9 les craintes du monde agricole qui redoute une envol\u00e9e des prix mondiaux.<\/p>\n<p>Le projet pr\u00e9voit la mise en place d\u00e8s juillet de taxes douani\u00e8res qui doivent augmenter progressivement durant trois ans, jusqu\u2019\u00e0 couper le robinet des fertilisants azot\u00e9s venus de Russie et de son alli\u00e9 b\u00e9larusse.<\/p>\n<p>L\u2019Union europ\u00e9enne \u00ab\u00a0se tire une balle dans le pied\u00a0\u00bb en adoptant des surtaxes, a r\u00e9agi jeudi le Kremlin. \u00ab\u00a0Au final, l\u2019UE va se retrouver avec des engrais plus chers et de moins bonne qualit\u00e9\u00a0\u00bb, a-t-il ironis\u00e9 par la voix de son porte-parole Dimitri Peskov.<\/p>\n<p>La tendance<\/p>\n<p>La <a href=\"https:\/\/www.20minutes.fr\/dossier\/finlande\" class=\"color-ultramarine c-link\" target=\"_blank\" rel=\"noopener\">Finlande<\/a> surveille \u00ab\u00a0de pr\u00e8s\u00a0\u00bb les activit\u00e9s militaires de la Russie pr\u00e8s de sa fronti\u00e8re orientale apr\u00e8s que l\u2019arm\u00e9e finlandaise et des m\u00e9dias ont constat\u00e9 le positionnement de nouveaux mat\u00e9riels, a d\u00e9clar\u00e9 jeudi \u00e0 l\u2019AFP le ministre de la D\u00e9fense finlandais. Des images satellites publi\u00e9es par le New York Times semblent montrer un renforcement de l\u2019infrastructure militaire c\u00f4t\u00e9 russe, pr\u00e8s de la fronti\u00e8re finlandaise. \u00ab\u00a0La Russie construit davantage d\u2019infrastructures pour pouvoir faire venir plus de troupes apr\u00e8s la fin de la guerre (en Ukraine)\u00a0\u00bb, ont d\u00e9clar\u00e9 les forces de d\u00e9fense finlandaises.<\/p>\n<p>La Finlande, qui a mis fin \u00e0 des d\u00e9cennies de non-alignement militaire pour rejoindre l\u2019Otan en\u00a02023, partage une fronti\u00e8re de 1.340 kilom\u00e8tres avec son voisin oriental.<\/p>\n<p><a href=\"https:\/\/www.20minutes.fr\/monde\/ukraine\/\" class=\"c-link c-btn c-btn--primary\" target=\"_blank\" rel=\"noopener\">Notre dossier sur la guerre en Ukraine<\/a><\/p>\n<p>Avec ses alli\u00e9s, la Finlande \u00ab\u00a0surveille et \u00e9value de pr\u00e8s les activit\u00e9s et les intentions de la Russie\u00a0\u00bb, a d\u00e9clar\u00e9 le ministre de la D\u00e9fense, Antti H\u00e4kk\u00e4nen, dans un courriel adress\u00e9 \u00e0 l\u2019<a href=\"https:\/\/www.20minutes.fr\/dossier\/afp\" class=\"color-ultramarine c-link\" target=\"_blank\" rel=\"noopener\">AFP<\/a>. Les mesures prises par la Russie pour renforcer ses forces arm\u00e9es \u00ab\u00a0ne constituent pas une surprise\u00a0\u00bb pour la Finlande, selon lui.<\/p>\n<p>La Russie a mis en garde \u00e0 plusieurs reprises la Finlande contre les r\u00e9percussions de son adh\u00e9sion \u00e0 l\u2019Otan apr\u00e8s l\u2019invasion de l\u2019Ukraine par la Russie en f\u00e9vrier\u00a02022.<\/p>\n","protected":false},"excerpt":{"rendered":"Vous avez rat\u00e9 les derniers \u00e9v\u00e9nements sur la guerre en Ukraine\u00a0? 20 Minutes fait le point pour vous&hellip;\n","protected":false},"author":2,"featured_media":120059,"comment_status":"","ping_status":"","sticky":false,"template":"","format":"standard","meta":{"footnotes":""},"categories":[1590],"tags":[47,11,75,1777,674,219,131,804,4998,74,1916,12,132,1135,220,4193,135,134],"class_list":{"0":"post-120058","1":"post","2":"type-post","3":"status-publish","4":"format-standard","5":"has-post-thumbnail","7":"category-ukraine","8":"tag-actualite","9":"tag-actualites","10":"tag-donald-trump","11":"tag-eu","12":"tag-europe","13":"tag-finlande","14":"tag-guerre-en-ukraine","15":"tag-hongrie","16":"tag-kremlin","17":"tag-monde","18":"tag-moscou","19":"tag-news","20":"tag-russie","21":"tag-serguei-lavrov","22":"tag-ukraine","23":"tag-vatican","24":"tag-vladimir-poutine","25":"tag-volodymyr-zelensky"},"share_on_mastodon":{"url":"https:\/\/pubeurope.com\/@fr\/114552845391005866","error":""},"_links":{"self":[{"href":"https:\/\/www.europesays.com\/fr\/wp-json\/wp\/v2\/posts\/120058","targetHints":{"allow":["GET"]}}],"collection":[{"href":"https:\/\/www.europesays.com\/fr\/wp-json\/wp\/v2\/posts"}],"about":[{"href":"https:\/\/www.europesays.com\/fr\/wp-json\/wp\/v2\/types\/post"}],"author":[{"embeddable":true,"href":"https:\/\/www.europesays.com\/fr\/wp-json\/wp\/v2\/users\/2"}],"replies":[{"embeddable":true,"href":"https:\/\/www.europesays.com\/fr\/wp-json\/wp\/v2\/comments?post=120058"}],"version-history":[{"count":0,"href":"https:\/\/www.europesays.com\/fr\/wp-json\/wp\/v2\/posts\/120058\/revisions"}],"wp:featuredmedia":[{"embeddable":true,"href":"https:\/\/www.europesays.com\/fr\/wp-json\/wp\/v2\/media\/120059"}],"wp:attachment":[{"href":"https:\/\/www.europesays.com\/fr\/wp-json\/wp\/v2\/media?parent=120058"}],"wp:term":[{"taxonomy":"category","embeddable":true,"href":"https:\/\/www.europesays.com\/fr\/wp-json\/wp\/v2\/categories?post=120058"},{"taxonomy":"post_tag","embeddable":true,"href":"https:\/\/www.europesays.com\/fr\/wp-json\/wp\/v2\/tags?post=120058"}],"curies":[{"name":"wp","href":"https:\/\/api.w.org\/{rel}","templated":true}]}}