{"id":120070,"date":"2025-05-22T18:19:09","date_gmt":"2025-05-22T18:19:09","guid":{"rendered":"https:\/\/www.europesays.com\/fr\/120070\/"},"modified":"2025-05-22T18:19:09","modified_gmt":"2025-05-22T18:19:09","slug":"plus-de-60-ans-voici-pourquoi-votre-mutuelle-risque-de-devenir-difficile-a-payer-dans-les-mois-qui-viennent","status":"publish","type":"post","link":"https:\/\/www.europesays.com\/fr\/120070\/","title":{"rendered":"Plus de 60 ans ? Voici pourquoi votre mutuelle risque de devenir difficile \u00e0 payer dans les mois qui viennent"},"content":{"rendered":"<p>\t\t\t\t\tUne hausse de 7 % en 2025 : un rythme inqui\u00e9tant qui s&rsquo;acc\u00e9l\u00e8re<\/p>\n<p data-start=\"755\" data-end=\"1002\">D\u2019apr\u00e8s les premi\u00e8res analyses, les cotisations des mutuelles sant\u00e9 individuelles ont bondi en moyenne de <strong data-start=\"861\" data-end=\"876\">7 % en 2025<\/strong>. Une augmentation qui <strong data-start=\"899\" data-end=\"943\">s\u2019ajoute \u00e0 celles des ann\u00e9es pr\u00e9c\u00e9dentes<\/strong>, portant la hausse cumul\u00e9e \u00e0 pr\u00e8s de <strong data-start=\"981\" data-end=\"1001\">25 % depuis 2020<\/strong>.<\/p>\n<p data-start=\"1004\" data-end=\"1345\">Pour un contrat \u00e0 110 \u20ac par mois en 2024, cela repr\u00e9sente <strong data-start=\"1062\" data-end=\"1124\">plus de 92 \u20ac de cotisation suppl\u00e9mentaire sur l\u2019ann\u00e9e 2025<\/strong>. Et pour les retrait\u00e9s, ces hausses sont souvent encore plus fortes. Le vieillissement, les risques accrus et les soins sp\u00e9cifiques font grimper les tarifs d\u00e8s 60 ans, parfois sans que l\u2019assur\u00e9 en soit clairement averti.<\/p>\n<p data-start=\"1347\" data-end=\"1439\">Le tableau ci-dessous montre l\u2019\u00e9volution concr\u00e8te des cotisations pour trois profils types :<\/p>\n<tr data-start=\"1441\" data-end=\"1570\">\nProfil de l\u2019assur\u00e9<br \/>\nCotisation mensuelle en 2024<br \/>\nCotisation 2025 (hausse 7 %)<br \/>\nSurco\u00fbt annuel estim\u00e9<br \/>\n<\/tr>\n<tr data-start=\"1703\" data-end=\"1834\">\n<td data-start=\"1703\" data-end=\"1744\" data-col-size=\"sm\">Retrait\u00e9 62 ans, formule interm\u00e9diaire<\/td>\n<td data-start=\"1744\" data-end=\"1776\" data-col-size=\"sm\">110 \u20ac<\/td>\n<td data-start=\"1776\" data-end=\"1808\" data-col-size=\"sm\">117,70 \u20ac<\/td>\n<td data-start=\"1808\" data-end=\"1834\" data-col-size=\"sm\">+92,40 \u20ac<\/td>\n<\/tr>\n<tr data-start=\"1835\" data-end=\"1966\">\n<td data-start=\"1835\" data-end=\"1876\" data-col-size=\"sm\">Retrait\u00e9 70 ans, formule confort<\/td>\n<td data-start=\"1876\" data-end=\"1908\" data-col-size=\"sm\">145 \u20ac<\/td>\n<td data-start=\"1908\" data-end=\"1940\" data-col-size=\"sm\">155,15 \u20ac<\/td>\n<td data-start=\"1940\" data-end=\"1966\" data-col-size=\"sm\">+121,80 \u20ac<\/td>\n<\/tr>\n<tr data-start=\"1967\" data-end=\"2098\">\n<td data-start=\"1967\" data-end=\"2008\" data-col-size=\"sm\">Retrait\u00e9 75 ans, formule haut de gamme<\/td>\n<td data-start=\"2008\" data-end=\"2040\" data-col-size=\"sm\">180 \u20ac<\/td>\n<td data-start=\"2040\" data-end=\"2072\" data-col-size=\"sm\">192,60 \u20ac<\/td>\n<td data-start=\"2072\" data-end=\"2098\" data-col-size=\"sm\">+151,20 \u20ac<\/td>\n<\/tr>\n<p data-start=\"2100\" data-end=\"2337\"><strong data-start=\"2100\" data-end=\"2168\">Plus l\u2019assur\u00e9 avance en \u00e2ge, plus la facture augmente rapidement<\/strong>. Et contrairement \u00e0 une id\u00e9e re\u00e7ue, il ne s\u2019agit pas de hausse li\u00e9e \u00e0 de nouvelles garanties. <strong data-start=\"2263\" data-end=\"2337\">Ce sont bien les m\u00eames couvertures, mais plus ch\u00e8res d\u2019ann\u00e9e en ann\u00e9e.<\/strong><\/p>\n<p> Ce qui explique cette inflation silencieuse des mutuelles<\/p>\n<p data-start=\"2401\" data-end=\"2482\">Plusieurs facteurs concourent \u00e0 cette hausse continue des compl\u00e9mentaires sant\u00e9 :<\/p>\n<ul data-start=\"2484\" data-end=\"3027\">\n<li data-start=\"2484\" data-end=\"2606\"><strong data-start=\"2486\" data-end=\"2524\">Le vieillissement de la population<\/strong>, qui entra\u00eene plus de remboursements et plus de pathologies chroniques \u00e0 couvrir.<\/li>\n<li data-start=\"2484\" data-end=\"2606\"><strong data-start=\"2609\" data-end=\"2641\">La fin du bouclier tarifaire<\/strong> sur certaines prestations m\u00e9dicales ou soins dentaires, qui reporte les co\u00fbts vers les contrats priv\u00e9s.<\/li>\n<li data-start=\"2484\" data-end=\"2606\"><strong data-start=\"2748\" data-end=\"2773\">Les effets post-Covid<\/strong> : les retards de soins ont provoqu\u00e9 un \u201crattrapage\u201d m\u00e9dical en 2023-2024, avec davantage d\u2019actes rembours\u00e9s.<\/li>\n<li data-start=\"2484\" data-end=\"2606\"><strong data-start=\"2885\" data-end=\"2924\">Les co\u00fbts administratifs croissants<\/strong>, notamment pour la gestion des r\u00e9seaux de soins, des plateformes de t\u00e9l\u00e9consultation ou de pr\u00e9vention.<\/li>\n<\/ul>\n<p data-start=\"3029\" data-end=\"3201\">Et surtout, dans un contexte de forte inflation, <strong data-start=\"3078\" data-end=\"3201\">les mutuelles cherchent \u00e0 r\u00e9\u00e9quilibrer leurs comptes\u2026 en augmentant leurs tarifs plut\u00f4t qu\u2019en ajustant leurs garanties.<\/strong><\/p>\n<p> Des retrait\u00e9s pi\u00e9g\u00e9s par des contrats opaques et \u00e9volutifs<\/p>\n<p data-start=\"3266\" data-end=\"3573\">De nombreux assur\u00e9s de plus de 60 ans souscrivent \u00e0 des compl\u00e9mentaires sant\u00e9 sans savoir que <strong data-start=\"3360\" data-end=\"3417\">les tarifs \u00e9voluent chaque ann\u00e9e en fonction de l\u2019\u00e2ge<\/strong>. Ces \u00e9volutions sont souvent peu visibles sur les avis d\u2019\u00e9ch\u00e9ance, noy\u00e9es dans des documents techniques ou dans de simples mentions \u201cajustement tarifaire\u201d.<\/p>\n<p data-start=\"3575\" data-end=\"3893\">Certains assur\u00e9s se retrouvent ainsi <strong data-start=\"3612\" data-end=\"3672\">avec des hausses de plus de 10 % d\u2019une ann\u00e9e sur l\u2019autre<\/strong>, sans modification du niveau de couverture. D\u2019autres sont contraints de <strong data-start=\"3745\" data-end=\"3772\">r\u00e9duire leurs garanties<\/strong> pour contenir la hausse de leur mensualit\u00e9, au risque de ne plus \u00eatre suffisamment couverts en cas de probl\u00e8me de sant\u00e9.<\/p>\n<p> Ce qu\u2019il faut v\u00e9rifier d\u00e8s maintenant dans votre contrat<\/p>\n<p data-start=\"3956\" data-end=\"4128\">Il est possible, et m\u00eame conseill\u00e9, de <strong data-start=\"3995\" data-end=\"4048\">faire le point chaque ann\u00e9e sur sa mutuelle sant\u00e9<\/strong>, surtout apr\u00e8s 60 ans. Voici quelques v\u00e9rifications simples mais essentielles :<\/p>\n<ul data-start=\"4130\" data-end=\"4570\">\n<li data-start=\"4130\" data-end=\"4194\">Le <strong data-start=\"4135\" data-end=\"4174\">montant exact de la cotisation 2025<\/strong> par rapport \u00e0 2024.<\/li>\n<li data-start=\"4130\" data-end=\"4194\">L\u2019existence d\u2019une <strong data-start=\"4215\" data-end=\"4256\">augmentation automatique li\u00e9e \u00e0 l\u2019\u00e2ge<\/strong>, souvent dissimul\u00e9e dans les conditions g\u00e9n\u00e9rales.<\/li>\n<li data-start=\"4130\" data-end=\"4194\">Le <strong data-start=\"4313\" data-end=\"4339\">rapport garanties\/co\u00fbt<\/strong>, en vous demandant si vous utilisez r\u00e9ellement toutes les prestations.<\/li>\n<li data-start=\"4130\" data-end=\"4194\">L\u2019acc\u00e8s \u00e0 des services annexes (r\u00e9seau optique, t\u00e9l\u00e9consultation, assistance) : certains contrats deviennent chers sans proposer d\u2019avantages suppl\u00e9mentaires.<\/li>\n<\/ul>\n<p> Comment all\u00e9ger la facture sans sacrifier sa couverture<\/p>\n<p data-start=\"4632\" data-end=\"4742\">Pour les seniors, il existe quelques pistes pour <strong data-start=\"4681\" data-end=\"4740\">r\u00e9duire la facture sans renoncer \u00e0 une mutuelle adapt\u00e9e<\/strong> :<\/p>\n<ul data-start=\"4744\" data-end=\"5241\">\n<li data-start=\"4744\" data-end=\"4918\"><strong data-start=\"4746\" data-end=\"4782\">Comparer les offres chaque ann\u00e9e<\/strong>, notamment \u00e0 l\u2019aide des comparateurs ind\u00e9pendants. Certaines mutuelles seniors sont jusqu\u2019\u00e0 30 % moins ch\u00e8res \u00e0 garanties \u00e9quivalentes.<\/li>\n<li data-start=\"4744\" data-end=\"4918\"><strong data-start=\"4921\" data-end=\"4989\">V\u00e9rifier l\u2019\u00e9ligibilit\u00e9 \u00e0 la Compl\u00e9mentaire sant\u00e9 solidaire (CSS)<\/strong> si vos revenus sont modestes : elle permet de b\u00e9n\u00e9ficier d\u2019une couverture quasi gratuite.<\/li>\n<li data-start=\"4744\" data-end=\"4918\"><strong data-start=\"5082\" data-end=\"5117\">Privil\u00e9gier des contrats cibl\u00e9s<\/strong> sur les soins les plus fr\u00e9quents (optique, dentaire, hospitalisation), plut\u00f4t que des formules \u201ctout inclus\u201d peu rentables.<\/li>\n<\/ul>\n<p data-start=\"5243\" data-end=\"5424\">Changer de mutuelle est aujourd\u2019hui simple, sans frais, et possible <strong data-start=\"5311\" data-end=\"5352\">\u00e0 tout moment apr\u00e8s la premi\u00e8re ann\u00e9e<\/strong>. Il n\u2019y a donc plus de raison de rester li\u00e9 \u00e0 un contrat d\u00e9savantageux.<\/p>\n<p>Rester couvert sans se ruiner, c\u2019est encore possible<\/p>\n<p data-start=\"5483\" data-end=\"5892\">Les hausses des mutuelles sont bien r\u00e9elles, et particuli\u00e8rement lourdes pour les seniors. Mais en adoptant les bons r\u00e9flexes \u2014 <strong data-start=\"5611\" data-end=\"5663\">comparaison, vigilance, adaptation des garanties<\/strong> \u2014 il est possible de garder une couverture solide sans faire exploser son budget. Plus que jamais, il devient essentiel de reprendre la main sur ces contrats souvent sous-estim\u00e9s, mais qui p\u00e8sent de plus en plus sur la retraite.<\/p>\n","protected":false},"excerpt":{"rendered":"Une hausse de 7 % en 2025 : un rythme inqui\u00e9tant qui s&rsquo;acc\u00e9l\u00e8re D\u2019apr\u00e8s les premi\u00e8res analyses, les&hellip;\n","protected":false},"author":2,"featured_media":120071,"comment_status":"","ping_status":"","sticky":false,"template":"","format":"standard","meta":{"footnotes":""},"categories":[2],"tags":[11,1011,27,24150,9984,12,56,25],"class_list":{"0":"post-120070","1":"post","2":"type-post","3":"status-publish","4":"format-standard","5":"has-post-thumbnail","7":"category-actualites","8":"tag-actualites","9":"tag-fr","10":"tag-france","11":"tag-mensualite","12":"tag-mutuelles","13":"tag-news","14":"tag-push","15":"tag-republique-francaise"},"share_on_mastodon":{"url":"https:\/\/pubeurope.com\/@fr\/114552868948841524","error":""},"_links":{"self":[{"href":"https:\/\/www.europesays.com\/fr\/wp-json\/wp\/v2\/posts\/120070","targetHints":{"allow":["GET"]}}],"collection":[{"href":"https:\/\/www.europesays.com\/fr\/wp-json\/wp\/v2\/posts"}],"about":[{"href":"https:\/\/www.europesays.com\/fr\/wp-json\/wp\/v2\/types\/post"}],"author":[{"embeddable":true,"href":"https:\/\/www.europesays.com\/fr\/wp-json\/wp\/v2\/users\/2"}],"replies":[{"embeddable":true,"href":"https:\/\/www.europesays.com\/fr\/wp-json\/wp\/v2\/comments?post=120070"}],"version-history":[{"count":0,"href":"https:\/\/www.europesays.com\/fr\/wp-json\/wp\/v2\/posts\/120070\/revisions"}],"wp:featuredmedia":[{"embeddable":true,"href":"https:\/\/www.europesays.com\/fr\/wp-json\/wp\/v2\/media\/120071"}],"wp:attachment":[{"href":"https:\/\/www.europesays.com\/fr\/wp-json\/wp\/v2\/media?parent=120070"}],"wp:term":[{"taxonomy":"category","embeddable":true,"href":"https:\/\/www.europesays.com\/fr\/wp-json\/wp\/v2\/categories?post=120070"},{"taxonomy":"post_tag","embeddable":true,"href":"https:\/\/www.europesays.com\/fr\/wp-json\/wp\/v2\/tags?post=120070"}],"curies":[{"name":"wp","href":"https:\/\/api.w.org\/{rel}","templated":true}]}}