{"id":120072,"date":"2025-05-22T18:20:08","date_gmt":"2025-05-22T18:20:08","guid":{"rendered":"https:\/\/www.europesays.com\/fr\/120072\/"},"modified":"2025-05-22T18:20:08","modified_gmt":"2025-05-22T18:20:08","slug":"ex-de-malherbe-johann-lepenant-un-retour-gagnant-a-nantes-qui-fait-rever-litalie","status":"publish","type":"post","link":"https:\/\/www.europesays.com\/fr\/120072\/","title":{"rendered":"Ex de Malherbe. Johann Lepenant, un retour gagnant \u00e0 Nantes qui fait r\u00eaver l&rsquo;Italie"},"content":{"rendered":"<p>            Par<br \/>\n        <strong><br \/>\n            <a href=\"https:\/\/actu.fr\/auteur\/mathis-guerineaud\" title=\"Consulter tous les articles de Mathis Guerineaud\" rel=\"nofollow noopener\" target=\"_blank\">Mathis Guerineaud<\/a><br \/>\n        <\/strong><\/p>\n<p>        Publi\u00e9 le<\/p>\n<p>            22 mai 2025 \u00e0 17h28        <\/p>\n<p>Form\u00e9 au <a href=\"https:\/\/actu.fr\/tag\/stade-malherbe-de-caen\" rel=\"nofollow noopener\" target=\"_blank\">Stade Malherbe Caen<\/a> <b>(Calvados)<\/b> et r\u00e9v\u00e9l\u00e9 sous les couleurs Rouge et Bleu entre 2019 et 2022, <b>Johann Lepenant<\/b> vient de signer une saison 2024-2025 pleine <a href=\"https:\/\/actu.fr\/normandie\/caen_14118\/football-johann-lepenant-vice-champion-olympique-est-prete-a-nantes_61473585.html\" rel=\"nofollow noopener\" target=\"_blank\">sous le maillot du FC Nantes<\/a>. \u00c0 22 ans, le milieu de terrain a parfaitement relanc\u00e9 sa jeune carri\u00e8re apr\u00e8s une saison 2023-2024 presque int\u00e9gralement blanche, ponctu\u00e9e toutefois d\u2019une m\u00e9daille d\u2019argent aux Jeux Olympiques de Paris avec l\u2019\u00e9quipe de France Espoirs.<\/p>\n<p>De Venoix \u00e0 la Beaujoire, un itin\u00e9raire prometteur<\/p>\n<p class=\" wall-content\">N\u00e9 \u00e0 Granville, c\u2019est sur les pelouses du centre d\u2019entra\u00eenement de Venoix que Johann Lepenant a effectu\u00e9 ses premiers pas chez les professionnels. <b>Pr\u00e9cocement lanc\u00e9 dans le grand bain \u00e0 seulement 17 ans<\/b>, il s\u2019impose rapidement dans l\u2019entrejeu caennais par son activit\u00e9, sa justesse et son sens du placement. Des qualit\u00e9s qui s\u00e9duisent<b> <\/b><a href=\"https:\/\/actu.fr\/normandie\/caen_14118\/sm-caen-johann-lepenant-annonce-son-depart-malherbe-restera-a-jamais-mon-club-de-coeur_51965444.html\" rel=\"nofollow noopener\" target=\"_blank\">l\u2019Olympique Lyonnais<\/a>, qui l\u2019enr\u00f4le en juin 2022.<\/p>\n<p class=\" wall-content\">Mais la suite est plus contrast\u00e9e. Si ses d\u00e9buts lyonnais sont prometteurs, <b>une blessure au genou le freine s\u00e9v\u00e8rement<\/b>, le privant de la quasi-totalit\u00e9 de la saison 2023-2024.<\/p>\n<p class=\" wall-content\">C\u2019est donc en qu\u00eate de temps de jeu et de relance que Lepenant accepte l\u2019\u00e9t\u00e9 dernier un pr\u00eat avec option d\u2019achat \u00e0 Nantes, club dirig\u00e9 par Antoine Kombouar\u00e9. <b>Pari r\u00e9ussi<\/b>.<\/p>\n<p>Une saison aboutie avec les Canaris<\/p>\n<p class=\" wall-content\">Malgr\u00e9 un l\u00e9ger trou d\u2019air en avril, o\u00f9 il est bri\u00e8vement rel\u00e9gu\u00e9 sur le banc, <b>Lepenant r\u00e9alise une saison pleine<\/b>. Avec <b>30 matchs disput\u00e9s toutes comp\u00e9titions confondues<\/b> (2 221 minutes), 2 buts et 1 passe d\u00e9cisive, le Normand s\u2019est impos\u00e9 comme l\u2019un des hommes forts du milieu nantais, affichant une constance pr\u00e9cieuse dans un effectif parfois irr\u00e9gulier.<\/p>\n<p>Vid\u00e9os : en ce moment sur Actu<\/p>\n<p class=\" wall-content\">En Ligue 1, il aura \u00e9t\u00e9 titulaire \u00e0 23 reprises, ne manquant que 5 rencontres. Ajoutons \u00e0 cela une Coupe de France o\u00f9 il a \u00e9galement pes\u00e9, et des prestations solides avec les Bleuets, dont <b>un capitanat face \u00e0 la Slovaquie<\/b> en octobre dernier.<\/p>\n<p class=\" wall-content\">Son rendement n\u2019a pas \u00e9chapp\u00e9 aux dirigeants nantais, qui ont rapidement d\u00e9cid\u00e9 de lever l\u2019option d\u2019achat fix\u00e9e \u00e0 <b>2,5 millions d\u2019euros<\/b>. Un montant accessible pour un joueur de cet \u00e2ge et avec une telle marge de progression.<\/p>\n<p>Un avenir d\u00e9j\u00e0 en suspens\u200a?<\/p>\n<p class=\" wall-content\">Mais la parenth\u00e8se nantaise pourrait bien \u00eatre de courte dur\u00e9e. Selon plusieurs sources italiennes, <b>des clubs de Serie A, dont l\u2019AC Milan,<\/b> s\u2019int\u00e9ressent de pr\u00e8s \u00e0 l\u2019ancien Caennais. Une information confirm\u00e9e \u00e0 demi-mot par son repr\u00e9sentant, St\u00e9phane Courbis, sans pour autant commenter davantage.<\/p>\n<p class=\" wall-content\">Si Nantes a d\u2019ores et d\u00e9j\u00e0 act\u00e9 son transfert d\u00e9finitif, <b>une offre venue d\u2019un cador italien pourrait rebattre les cartes<\/b>. Le FCN, qui voit rarement passer des opportunit\u00e9s de plus-value rapide, pourrait \u00eatre tent\u00e9 d\u2019\u00e9couter les propositions. Quel que soit son futur point de chute, Johann Lepenant continue de tracer une trajectoire ascendante. Discret, travailleur et dot\u00e9 d\u2019un profil moderne, le milieu r\u00e9cup\u00e9rateur form\u00e9 \u00e0 Venoix confirme tout le potentiel entrevu sous le maillot du Stade Malherbe.\u00a0<\/p>\n<p class=\" wall-content\">Suivez toute l\u2019actualit\u00e9 de vos villes et m\u00e9dias favoris en vous inscrivant \u00e0 <a href=\"https:\/\/moncompte.actu.fr\" title=\"D\u00e9couvez Mon Actu\" rel=\"nofollow noopener\" data-trk=\"{&quot;cta&quot;:{&quot;action&quot;:&quot;https:\\\/\\\/moncompte.actu.fr&quot;,&quot;category&quot;:&quot;mon compte&quot;,&quot;from&quot;:&quot;article footer&quot;,&quot;name&quot;:&quot;Mon actu&quot;,&quot;type&quot;:&quot;cta&quot;}}\" target=\"_blank\">Mon Actu<\/a>.<\/p>\n","protected":false},"excerpt":{"rendered":"Par Mathis Guerineaud Publi\u00e9 le 22 mai 2025 \u00e0 17h28 Form\u00e9 au Stade Malherbe Caen (Calvados) et r\u00e9v\u00e9l\u00e9&hellip;\n","protected":false},"author":2,"featured_media":120073,"comment_status":"","ping_status":"","sticky":false,"template":"","format":"standard","meta":{"footnotes":""},"categories":[2],"tags":[11,63,1011,27,24151,12,25,15104,1745,60,266],"class_list":{"0":"post-120072","1":"post","2":"type-post","3":"status-publish","4":"format-standard","5":"has-post-thumbnail","7":"category-actualites","8":"tag-actualites","9":"tag-football","10":"tag-fr","11":"tag-france","12":"tag-johann-lepenant","13":"tag-news","14":"tag-republique-francaise","15":"tag-sm-caen","16":"tag-sport-caen","17":"tag-sports","18":"tag-stade-malherbe-de-caen"},"share_on_mastodon":{"url":"https:\/\/pubeurope.com\/@fr\/114552872831523968","error":""},"_links":{"self":[{"href":"https:\/\/www.europesays.com\/fr\/wp-json\/wp\/v2\/posts\/120072","targetHints":{"allow":["GET"]}}],"collection":[{"href":"https:\/\/www.europesays.com\/fr\/wp-json\/wp\/v2\/posts"}],"about":[{"href":"https:\/\/www.europesays.com\/fr\/wp-json\/wp\/v2\/types\/post"}],"author":[{"embeddable":true,"href":"https:\/\/www.europesays.com\/fr\/wp-json\/wp\/v2\/users\/2"}],"replies":[{"embeddable":true,"href":"https:\/\/www.europesays.com\/fr\/wp-json\/wp\/v2\/comments?post=120072"}],"version-history":[{"count":0,"href":"https:\/\/www.europesays.com\/fr\/wp-json\/wp\/v2\/posts\/120072\/revisions"}],"wp:featuredmedia":[{"embeddable":true,"href":"https:\/\/www.europesays.com\/fr\/wp-json\/wp\/v2\/media\/120073"}],"wp:attachment":[{"href":"https:\/\/www.europesays.com\/fr\/wp-json\/wp\/v2\/media?parent=120072"}],"wp:term":[{"taxonomy":"category","embeddable":true,"href":"https:\/\/www.europesays.com\/fr\/wp-json\/wp\/v2\/categories?post=120072"},{"taxonomy":"post_tag","embeddable":true,"href":"https:\/\/www.europesays.com\/fr\/wp-json\/wp\/v2\/tags?post=120072"}],"curies":[{"name":"wp","href":"https:\/\/api.w.org\/{rel}","templated":true}]}}