{"id":120094,"date":"2025-05-22T18:34:11","date_gmt":"2025-05-22T18:34:11","guid":{"rendered":"https:\/\/www.europesays.com\/fr\/120094\/"},"modified":"2025-05-22T18:34:11","modified_gmt":"2025-05-22T18:34:11","slug":"apres-charles-et-damien-violette-a-ete-enlevee-fred-et-victoire-couchent-ensemble-le-resume-de-lepisode-1950-du-vendredi-23-mai-2025","status":"publish","type":"post","link":"https:\/\/www.europesays.com\/fr\/120094\/","title":{"rendered":"Apr\u00e8s Charles et Damien, Violette a \u00e9t\u00e9 enlev\u00e9e ! Fred et Victoire couchent ensemble&#8230; Le r\u00e9sum\u00e9 de l&rsquo;\u00e9pisode 1950 du vendredi 23 mai 2025"},"content":{"rendered":"<p>Dans Demain nous appartient, c&rsquo;est au tour de Violette d&rsquo;\u00eatre enlev\u00e9e par un myst\u00e9rieux homme. De leur c\u00f4t\u00e9, Fred et Victoire passent \u00e0 l&rsquo;acte apr\u00e8s des mois d&rsquo;attente. <\/p>\n<p><b>Vendredi 23\u00a0mai 2025 dans <\/b><a href=\"https:\/\/www.programme-tv.net\/programme\/series-tv\/r1549293395-demain-nous-appartient\/\" target=\"_blank\" rel=\"noopener\"><b>Demain nous appartient<\/b><\/a> qui <a href=\"https:\/\/www.programme-tv.net\/news\/series-tv\/373928-exclu-demain-nous-appartient-paul-belmondo-rejoint-le-feuilleton-de-tf1-decouvrez-les-premieres-infos-sur-son-personnage\/\" data-api-deeplink=\"teleloisirs:\/\/news\/373928\" target=\"_blank\" rel=\"noopener\">va bient\u00f4t accueillir Paul Belmondo<\/a> mais aussi <a href=\"https:\/\/www.programme-tv.net\/news\/series-tv\/379544-exclu-jean-luc-reichman-arrive-dans-demain-nous-appartient-tous-les-details-sur-son-personnage-qui-va-vous-emouvoir\/\" data-api-deeplink=\"teleloisirs:\/\/news\/379544\" target=\"_blank\" rel=\"noopener\">Jean-Luc Reichmann<\/a> et dont<a href=\"https:\/\/www.programme-tv.net\/news\/series-tv\/379497-demain-nous-appartient-victoire-dauxerre-la-tueuse-en-serie-vanessa-s-est-mariee-ses-partenaires-de-la-serie-la-felicitent-photos\/\" data-api-deeplink=\"teleloisirs:\/\/news\/379497\" target=\"_blank\" rel=\"noopener\"> une actrice s&rsquo;est mari\u00e9e.<\/a>.. Les policiers interrogent Chauvet, qui a \u00e9t\u00e9 retrouv\u00e9 dans un container. Le ma\u00eetre de chais a \u00e9t\u00e9 drogu\u00e9. Il semble n&rsquo;\u00eatre qu&rsquo;une victime collat\u00e9rale dans le<a href=\"https:\/\/www.programme-tv.net\/news\/series-tv\/379274-demain-nous-appartient-en-avance-damien-n-est-pas-mort-mais-il-ecrit-une-lettre-d-adieu-a-audrey-le-resume-de-l-episode-1948-du-mercredi-21-mai-2025\/\" data-api-deeplink=\"teleloisirs:\/\/news\/379274\" target=\"_blank\" rel=\"noopener\"> kidnapping de Damien<\/a>. Il reste un t\u00e9moin g\u00eanant. Son t\u00e9moignage ravive l&rsquo;espoir des enqu\u00eateurs : <a href=\"https:\/\/www.programme-tv.net\/news\/series-tv\/379357-demain-nous-appartient-en-avance-charles-et-damien-perdent-espoir-philippine-manipule-audrey-le-resume-de-l-episode-1949-du-jeudi-22-mai-2025\/\" data-api-deeplink=\"teleloisirs:\/\/news\/379357\" target=\"_blank\" rel=\"noopener\">Damien et Charles<\/a> pourraient encore \u00eatre vivants.<\/p>\n<p><b>Demain nous appartient<\/b><b> en avance\u00a0: Violette a disparu <\/b><\/p>\n<p>Au Spoon, Audrey reproche \u00e0 Valentine de d\u00e9fendre Charles, qu&rsquo;elle juge responsable de la situation. Sa petite amie rappelle qu&rsquo;il est clean. Audrey ne veut pas entendre parler de solidarit\u00e9. De son c\u00f4t\u00e9, Victor propose \u00e0 Philippine de sortir d\u00eener pour lui changer les id\u00e9es, ce qu&rsquo;elle accepte, pouss\u00e9e par Violette et Jordan. Au commissariat, la vid\u00e9osurveillance confirme que Chauvet a bien \u00e9t\u00e9 jet\u00e9 dans un container, mais Damien et Charles restent introuvables. Ces derniers r\u00e9alisent qu&rsquo;ils sont enferm\u00e9s dans la m\u00eame maison. Ils parviennent \u00e0 communiquer gr\u00e2ce \u00e0 une grille d\u2019a\u00e9ration. Alors que Charles semble r\u00e9sign\u00e9, Damien tente de lui remonter le moral. Au Spoon, Philippine apaise les tensions avec Audrey. Pendant ce temps, Jordan, Bastien et Violette d\u00e9couvrent une cam\u00e9ra cach\u00e9e dans la multiprise. C&rsquo;est alors qu&rsquo;ils s\u2019effondrent tous les trois, inconscients. Un homme masqu\u00e9 entre dans la maison. Lorsque Philippine revient chez elle avec Victor, elle d\u00e9couvre Jordan et Bastien inanim\u00e9s, tandis que Violette a disparu. D\u00e9sesp\u00e9r\u00e9e, elle l&rsquo;appelle&#8230; Sans r\u00e9ponse.<\/p>\n<p>                        <b>Demain nous appartient<\/b><b> en avance\u00a0: Maud avoue sa blague \u00e0 sa m\u00e8re  <\/b><\/p>\n<p>Chez elle, Rapha\u00eblle fait mine d\u2019\u00eatre s\u00e9duite par son pr\u00e9tendu admirateur secret. L&rsquo;avocate devenue prof est m\u00eame pr\u00eate \u00e0 le rencontrer. Choqu\u00e9e, Maud s&rsquo;en va tandis que sa m\u00e8re r\u00e9v\u00e8le \u00e0 Camille que c&rsquo;est sa soeur qui est \u00e0 l\u2019origine des lettres. Ne lui en voulant pas, Rapha\u00eblle se moque de la situation. Maud est perdue : elle ne sait plus quoi faire. Adam lui conseille d&rsquo;espacer les lettres. De retour chez elle, Rapha\u00eblle d\u00e9voile qu&rsquo;elle sait qui est son admirateur secret. C&rsquo;est le monsieur de l&rsquo;accueil qui a avou\u00e9 ! Sa m\u00e8re lui a m\u00eame donn\u00e9 son num\u00e9ro. Maud finit par assumer sa blague. Rapha\u00eblle est fi\u00e8re de sa vengeance. Au Spoon, Maud raconte Adam que sa m\u00e8re l&rsquo;a grill\u00e9 \u00e0 cause de son parfum. Le fils de Fran\u00e7ois est d\u00e9moralis\u00e9 jusqu&rsquo;\u00e0 qu&rsquo;il d\u00e9couvre sa supercherie. Maud finit par assumer aussi sa supercherie aupr\u00e8s de ses camarades de classe.<\/p>\n<p><b>Demain nous appartient<\/b><b> en avance\u00a0: Fred et Victoire se mettent en couple ! <\/b><\/p>\n<p>Au lyc\u00e9e, Fred d\u00e9sesp\u00e8re de ne pas avoir de nouvelles de Victoire. M\u00e9lody lui conseille de revenir \u00e0 la charge. C&rsquo;est au tour de Soraya de conseiller Victoire : elle devrait recontacter Fred. Aaron les interrompt avec une lettre qui contient un CD grav\u00e9. Il s&rsquo;agit d&rsquo;une compil&rsquo; de No\u00ebl sur lequel il l&rsquo;invite dans une piste cach\u00e9e \u00e0 un rendez-vous romantique sur les quais. Victoire arrive finalement au rendez-vous. Fred porte un pull de No\u00ebl et a install\u00e9 un sapin, ce qui s\u00e9duit Victoire. Ils finissent par s&#8217;embrasser passionn\u00e9ment avant de se retrouver dans un h\u00f4tel pour coucher ensemble.<\/p>\n","protected":false},"excerpt":{"rendered":"Dans Demain nous appartient, c&rsquo;est au tour de Violette d&rsquo;\u00eatre enlev\u00e9e par un myst\u00e9rieux homme. De leur c\u00f4t\u00e9,&hellip;\n","protected":false},"author":2,"featured_media":120095,"comment_status":"","ping_status":"","sticky":false,"template":"","format":"standard","meta":{"footnotes":""},"categories":[1356],"tags":[244,3598,5247,58,59,1011,27,5250,5249,5248,5246,5252,252,199,5251,1364],"class_list":{"0":"post-120094","1":"post","2":"type-post","3":"status-publish","4":"format-standard","5":"has-post-thumbnail","7":"category-television","8":"tag-commentaire","9":"tag-demain-nous-appartient","10":"tag-demain-nous-appartient-en-avance","11":"tag-divertissement","12":"tag-entertainment","13":"tag-fr","14":"tag-france","15":"tag-lorie","16":"tag-mytf1-max","17":"tag-ru00e9sumu00e9-demain-nous-appartient","18":"tag-ru00e9sumu00e9-en-avance-demain-nous-appartient","19":"tag-su00e9ries-mania","20":"tag-television","21":"tag-tf1","22":"tag-tu00e9lu00e9-loisirs","23":"tag-tv"},"share_on_mastodon":{"url":"https:\/\/pubeurope.com\/@fr\/114552927937769404","error":""},"_links":{"self":[{"href":"https:\/\/www.europesays.com\/fr\/wp-json\/wp\/v2\/posts\/120094","targetHints":{"allow":["GET"]}}],"collection":[{"href":"https:\/\/www.europesays.com\/fr\/wp-json\/wp\/v2\/posts"}],"about":[{"href":"https:\/\/www.europesays.com\/fr\/wp-json\/wp\/v2\/types\/post"}],"author":[{"embeddable":true,"href":"https:\/\/www.europesays.com\/fr\/wp-json\/wp\/v2\/users\/2"}],"replies":[{"embeddable":true,"href":"https:\/\/www.europesays.com\/fr\/wp-json\/wp\/v2\/comments?post=120094"}],"version-history":[{"count":0,"href":"https:\/\/www.europesays.com\/fr\/wp-json\/wp\/v2\/posts\/120094\/revisions"}],"wp:featuredmedia":[{"embeddable":true,"href":"https:\/\/www.europesays.com\/fr\/wp-json\/wp\/v2\/media\/120095"}],"wp:attachment":[{"href":"https:\/\/www.europesays.com\/fr\/wp-json\/wp\/v2\/media?parent=120094"}],"wp:term":[{"taxonomy":"category","embeddable":true,"href":"https:\/\/www.europesays.com\/fr\/wp-json\/wp\/v2\/categories?post=120094"},{"taxonomy":"post_tag","embeddable":true,"href":"https:\/\/www.europesays.com\/fr\/wp-json\/wp\/v2\/tags?post=120094"}],"curies":[{"name":"wp","href":"https:\/\/api.w.org\/{rel}","templated":true}]}}