{"id":120103,"date":"2025-05-22T18:39:08","date_gmt":"2025-05-22T18:39:08","guid":{"rendered":"https:\/\/www.europesays.com\/fr\/120103\/"},"modified":"2025-05-22T18:39:08","modified_gmt":"2025-05-22T18:39:08","slug":"cannes-rend-hommage-a-pierre-richard-clown-sensible-du-cinema-francais-actualites","status":"publish","type":"post","link":"https:\/\/www.europesays.com\/fr\/120103\/","title":{"rendered":"Cannes rend hommage \u00e0 Pierre Richard, clown sensible du cin\u00e9ma fran\u00e7ais : Actualit\u00e9s"},"content":{"rendered":"<p class=\"lead \">Pilier de la com\u00e9die populaire fran\u00e7aise, Pierre Richard, auquel le Festival de Cannes rend hommage jeudi, incarne \u00e0 la perfection le clown sensible, l&rsquo;hurluberlu gaffeur, la t\u00eate dans la Lune et les pieds sur les plateaux de tournage.<\/p>\n<p class=\"lead \">\u00ab\u00a0L&rsquo;homme qui a vu l&rsquo;ours qui a vu l&rsquo;homme\u00a0\u00bb, son dernier film et le premier qu&rsquo;il r\u00e9alise depuis pr\u00e8s de 30 ans, est projet\u00e9 en s\u00e9ance sp\u00e9ciale, avant de sortir en salles le 24 septembre.<\/p>\n<p class=\"lead \">Selon son r\u00e9sum\u00e9, il s&rsquo;agit d&rsquo;une histoire d&rsquo;amiti\u00e9 entre deux hommes de g\u00e9n\u00e9rations diff\u00e9rentes unis \u00ab\u00a0par l&rsquo;amour de la nature et une grande affection pour un ours \u00e9chapp\u00e9 d&rsquo;un cirque\u00a0\u00bb.<\/p>\n<p class=\"lead \">A 90 ans, dont plus de 60 ans de carri\u00e8re, Pierre Richard, qui restera \u00e0 jamais le \u00ab\u00a0Grand blond avec une chaussure noire\u00a0\u00bb (1972), a fait rire de sa gaucherie dans plus de 100 longs-m\u00e9trages, traversant comme peu d&rsquo;acteurs l&rsquo;histoire de la com\u00e9die fran\u00e7aise.<\/p>\n<p class=\"lead \"> Inoubliable avec son grand sourire et sa tignasse fris\u00e9e dans les succ\u00e8s de Francis Veber (\u00ab\u00a0La Ch\u00e8vre\u00a0\u00bb, \u00ab\u00a0Le Jouet\u00a0\u00bb&#8230;), il a encore pr\u00eat\u00e9 ces derni\u00e8res ann\u00e9es son capital sympathie \u00e0 Pierrot, l&rsquo;un des incorrigibles vieillards des \u00ab\u00a0Vieux Fourneaux\u00a0\u00bb (2018), ou au druide Panoramix dans \u00ab\u00a0Ast\u00e9rix et Ob\u00e9lix: l&rsquo;Empire du milieu\u00a0\u00bb (2023).<\/p>\n<p class=\"lead \">Cet acteur au jeu burlesque, volontiers lunaire, a re\u00e7u en 2006 un C\u00e9sar d&rsquo;honneur pour l&rsquo;ensemble de sa carri\u00e8re. Lors de la remise du prix, la musique du \u00ab\u00a0Grand blond\u00a0\u00bb accompagnant son entr\u00e9e sur sc\u00e8ne, il a \u00e9cout\u00e9 l&rsquo;ovation de ses pairs avant de l\u00e2cher: \u00ab\u00a0moi qui n&rsquo;ai jamais \u00e9t\u00e9 qu&rsquo;un impair&#8230;\u00a0\u00bb<\/p>\n<p class=\"lead \">&#8211; \u00ab\u00a0Tu es un personnage\u00a0\u00bb &#8211;<\/p>\n<p class=\"lead \">De son vrai nom Pierre Defays (Richard est son deuxi\u00e8me pr\u00e9nom), il na\u00eet le 16 ao\u00fbt 1934 \u00e0 Valenciennes (Nord). <\/p>\n<p class=\"lead \">Ses parents \u00e9tant s\u00e9par\u00e9s, il grandit en partie dans le ch\u00e2teau de son grand-p\u00e8re, aristocrate et grand industriel, qui r\u00eave pour lui d&rsquo;\u00e9tudes brillantes.<\/p>\n<p class=\"lead \">Le jeune homme obtient un dipl\u00f4me de kin\u00e9sith\u00e9rapeute mais pr\u00e9f\u00e8re suivre des cours d&rsquo;art dramatique \u00e0 Paris. Apr\u00e8s des passages dans des cabarets, il d\u00e9bute au cin\u00e9ma avec un petit r\u00f4le dans \u00ab\u00a0Alexandre le bienheureux\u00a0\u00bb (1968). <\/p>\n<p class=\"lead \">Le r\u00e9alisateur Yves Robert lui dit : \u00ab\u00a0tu n&rsquo;es pas un acteur, tu es un personnage, alors fais ton cin\u00e9ma toi-m\u00eame\u00a0\u00bb. Au d\u00e9part vex\u00e9, Pierre Richard retiendra la le\u00e7on.<\/p>\n<p class=\"lead \">Car il fait partie de ces personnes qui perdent r\u00e9guli\u00e8rement leur carte de cr\u00e9dit, qui mettent leur cigarette \u00e0 l&rsquo;envers et allument le filtre, qui se coincent le doigt dans l&rsquo;anse d&rsquo;une tasse: \u00ab\u00a0dans un film, c&rsquo;est dr\u00f4le mais, dans la vie, \u00e7a me pose de vrais probl\u00e8mes\u00a0\u00bb, admet-il.<\/p>\n<p class=\"lead \">En 1970, il \u00e9crit, r\u00e9alise et interpr\u00e8te son premier film, le bien-nomm\u00e9 \u00ab\u00a0Le distrait\u00a0\u00bb puis, en 1972, \u00ab\u00a0Les malheurs d&rsquo;Alfred\u00a0\u00bb. <\/p>\n<p class=\"lead \">Cette m\u00eame ann\u00e9e sort \u00ab\u00a0Le grand blond&#8230;\u00a0\u00bb du m\u00eame Yves Robert, dans lequel il incarne un violoniste \u00e9tourdi, provoquant catastrophe sur catastrophe, hypnotis\u00e9 par la chute de reins de Mireille Darc.<\/p>\n<p class=\"lead \">Il encha\u00eene les com\u00e9dies, dirig\u00e9 par Claude Zidi, Georges Lautner ou G\u00e9rard Oury. Parall\u00e8lement, il met en sc\u00e8ne \u00ab\u00a0Je sais rien mais je dirai tout\u00a0\u00bb (1973), \u00ab\u00a0Je suis timide mais je me soigne\u00a0\u00bb (1978), \u00ab\u00a0C&rsquo;est pas moi, c&rsquo;est lui\u00a0\u00bb (1979). Il a jou\u00e9 dans les sept films qu&rsquo;il a r\u00e9alis\u00e9s.<\/p>\n<p class=\"lead \">&#8211; Complice de Depardieu &#8211;<\/p>\n<p class=\"lead \">Dans les ann\u00e9es 1980, il s&rsquo;essaye \u00e0 la chanson mais, surtout, joue dans \u00ab\u00a0La ch\u00e8vre\u00a0\u00bb, puis \u00ab\u00a0Les comp\u00e8res\u00a0\u00bb et \u00ab\u00a0Les fugitifs\u00a0\u00bb, les trois avec G\u00e9rard Depardieu, de Francis Veber. Un triomphe: le premier attire plus de sept millions de spectateurs, les autres pr\u00e8s de cinq.<\/p>\n<p class=\"lead \">\u00ab\u00a0Quand j&rsquo;ai arr\u00eat\u00e9 de collaborer avec Francis Veber, je me suis senti un peu orphelin\u00a0\u00bb, disait-il au Journal du dimanche en 2000. \u00ab\u00a0On me taillait des costumes dans lesquels j&rsquo;entrais facilement. J&rsquo;\u00e9tais habitu\u00e9. Et puis, un jour, j&rsquo;ai trouv\u00e9 que les costumes ne m&rsquo;allaient plus, je voulais autre chose\u00a0\u00bb.<\/p>\n<p class=\"lead \">Se qualifiant de \u00ab\u00a0socialiste romantique\u00a0\u00bb, il r\u00e9alise en 1987 un documentaire sur Che Guevara, tente de changer de registre, sans rencontrer le m\u00eame succ\u00e8s public, ni se r\u00e9concilier avec la critique. <\/p>\n<p class=\"lead \">A 80 ans pass\u00e9s, il tourne encore dans deux, trois ou quatre films par an et joue encore \u00e0 90 ans au th\u00e9\u00e2tre en solo.<\/p>\n<p class=\"lead \">Pierre Richard a deux fils avec sa premi\u00e8re \u00e9pouse, l&rsquo;actrice Danielle Minazzoli. Il a ensuite \u00e9pous\u00e9 l&rsquo;ex-mannequin br\u00e9silienne Ceyla Lacerda.<\/p>\n","protected":false},"excerpt":{"rendered":"Pilier de la com\u00e9die populaire fran\u00e7aise, Pierre Richard, auquel le Festival de Cannes rend hommage jeudi, incarne \u00e0&hellip;\n","protected":false},"author":2,"featured_media":120104,"comment_status":"","ping_status":"","sticky":false,"template":"","format":"standard","meta":{"footnotes":""},"categories":[8],"tags":[1971,6406,1972,58,59,849,1011,27],"class_list":{"0":"post-120103","1":"post","2":"type-post","3":"status-publish","4":"format-standard","5":"has-post-thumbnail","7":"category-divertissement","8":"tag-clbrits","9":"tag-cannes2025","10":"tag-cinma","11":"tag-divertissement","12":"tag-entertainment","13":"tag-festival","14":"tag-fr","15":"tag-france"},"share_on_mastodon":{"url":"https:\/\/pubeurope.com\/@fr\/114552947625661663","error":""},"_links":{"self":[{"href":"https:\/\/www.europesays.com\/fr\/wp-json\/wp\/v2\/posts\/120103","targetHints":{"allow":["GET"]}}],"collection":[{"href":"https:\/\/www.europesays.com\/fr\/wp-json\/wp\/v2\/posts"}],"about":[{"href":"https:\/\/www.europesays.com\/fr\/wp-json\/wp\/v2\/types\/post"}],"author":[{"embeddable":true,"href":"https:\/\/www.europesays.com\/fr\/wp-json\/wp\/v2\/users\/2"}],"replies":[{"embeddable":true,"href":"https:\/\/www.europesays.com\/fr\/wp-json\/wp\/v2\/comments?post=120103"}],"version-history":[{"count":0,"href":"https:\/\/www.europesays.com\/fr\/wp-json\/wp\/v2\/posts\/120103\/revisions"}],"wp:featuredmedia":[{"embeddable":true,"href":"https:\/\/www.europesays.com\/fr\/wp-json\/wp\/v2\/media\/120104"}],"wp:attachment":[{"href":"https:\/\/www.europesays.com\/fr\/wp-json\/wp\/v2\/media?parent=120103"}],"wp:term":[{"taxonomy":"category","embeddable":true,"href":"https:\/\/www.europesays.com\/fr\/wp-json\/wp\/v2\/categories?post=120103"},{"taxonomy":"post_tag","embeddable":true,"href":"https:\/\/www.europesays.com\/fr\/wp-json\/wp\/v2\/tags?post=120103"}],"curies":[{"name":"wp","href":"https:\/\/api.w.org\/{rel}","templated":true}]}}