{"id":120116,"date":"2025-05-22T18:46:16","date_gmt":"2025-05-22T18:46:16","guid":{"rendered":"https:\/\/www.europesays.com\/fr\/120116\/"},"modified":"2025-05-22T18:46:16","modified_gmt":"2025-05-22T18:46:16","slug":"saint-etienne-ce-restaurant-note-47-5-sur-google-ferme-durgence-par-la-prefecture","status":"publish","type":"post","link":"https:\/\/www.europesays.com\/fr\/120116\/","title":{"rendered":"Saint-Etienne. Ce restaurant not\u00e9 4,7\/5 sur Google ferm\u00e9 d&rsquo;urgence par la pr\u00e9fecture"},"content":{"rendered":"<p>            Par<br \/>\n        <strong><br \/>\n            <a href=\"https:\/\/actu.fr\/auteur\/mathias-souteyrat\" title=\"Consulter tous les articles de Mathias Souteyrat\" rel=\"nofollow noopener\" target=\"_blank\">Mathias Souteyrat<\/a><br \/>\n        <\/strong><\/p>\n<p>        Publi\u00e9 le<\/p>\n<p>            22 mai 2025 \u00e0 18h37        <\/p>\n<p>Apr\u00e8s la fermeture provisoire de la <a href=\"https:\/\/actu.fr\/auvergne-rhone-alpes\/saint-etienne_42218\/saint-etienne-cette-boulangerie-du-centre-ville-fermee-d-urgence-ce-qui-lui-est-reproche_62657123.html\" rel=\"nofollow noopener\" target=\"_blank\">boulangerie le Fournil de l\u2019Orient<\/a> pour des raisons d\u2019hygi\u00e8ne, c\u2019est d\u00e9sormais le restaurant La Grotte Azzura \u00e0 <a href=\"https:\/\/actu.fr\/auvergne-rhone-alpes\/saint-etienne_42218\" rel=\"nofollow noopener\" target=\"_blank\">Saint-\u00c9tienne<\/a> qui est dans le viseur des services de la pr\u00e9fecture de la Loire.<\/p>\n<p class=\" wall-content\">Hygi\u00e8ne d\u00e9faillante, denr\u00e9es mal conserv\u00e9es, \u00e9quipements non entretenus\u2026 L\u2019\u00e9tablissement qui propose des <strong>pizzas au feu de bois<\/strong> et d\u2019autres sp\u00e9cialit\u00e9s italiennes est ferm\u00e9 par d\u00e9cision pr\u00e9fectorale suite \u00e0 un contr\u00f4le sanitaire r\u00e9alis\u00e9 ce jeudi 22\u00a0mai 2025 par un organisme agr\u00e9\u00e9.<\/p>\n<p class=\" wall-content\">La pizzeria a plut\u00f4t bonne presse avec une note de 4,7\/5 sur Google.<\/p>\n<p>Des blattes et souris<\/p>\n<p class=\" wall-content\">De graves manquements ont \u00e9t\u00e9 constat\u00e9s dans le restaurant situ\u00e9 au 34 rue des Fr\u00e8res Chappe. Voici lesquels\u2009:<\/p>\n<ul class=\" wall-content\">\n<li>D\u00e9faut d\u2019entretien et de maintenance des locaux et des \u00e9quipements<\/li>\n<li>Conservation des denr\u00e9es dans des conditions inad\u00e9quates ne permettant pas de les prot\u00e9ger contre toute forme de contamination<\/li>\n<li>La pr\u00e9sence importante d\u2019organismes nuisibles (blattes et souris)<\/li>\n<li>La formation de moisissure ind\u00e9sirable sur les surfaces.<\/li>\n<\/ul>\n<p>Vid\u00e9os : en ce moment sur Actu\u00ab\u00a0Les contr\u00f4les se poursuivent sur l\u2019ensemble du d\u00e9partement\u00a0\u00bb<\/p>\n<p class=\" wall-content\">\u00ab\u2009Face \u00e0 ces risques majeurs pour la sant\u00e9 des consommateurs, le pr\u00e9fet de la Loire a prononc\u00e9 la fermeture administrative imm\u00e9diate de l\u2019\u00e9tablissement. Prot\u00e9ger la sant\u00e9 publique est une priorit\u00e9. Les contr\u00f4les se poursuivent sur l\u2019ensemble du d\u00e9partement.\u2009\u00bb<\/p>\n<p class=\" wall-content\">La r\u00e9ouverture de l\u2019\u00e9tablissement est conditionn\u00e9e \u00e0 sa mise en conformit\u00e9 avec la l\u00e9gislation en vigueur.<\/p>\n<p class=\" wall-content\">Suivez toute l\u2019actualit\u00e9 de vos villes et m\u00e9dias favoris en vous inscrivant \u00e0 <a href=\"https:\/\/moncompte.actu.fr\" title=\"D\u00e9couvez Mon Actu\" rel=\"nofollow noopener\" data-trk=\"{&quot;cta&quot;:{&quot;action&quot;:&quot;https:\\\/\\\/moncompte.actu.fr&quot;,&quot;category&quot;:&quot;mon compte&quot;,&quot;from&quot;:&quot;article footer&quot;,&quot;name&quot;:&quot;Mon actu&quot;,&quot;type&quot;:&quot;cta&quot;}}\" target=\"_blank\">Mon Actu<\/a>.<\/p>\n","protected":false},"excerpt":{"rendered":"Par Mathias Souteyrat Publi\u00e9 le 22 mai 2025 \u00e0 18h37 Apr\u00e8s la fermeture provisoire de la boulangerie le&hellip;\n","protected":false},"author":2,"featured_media":120117,"comment_status":"","ping_status":"","sticky":false,"template":"","format":"standard","meta":{"footnotes":""},"categories":[9653],"tags":[1111,11,2430,1777,674,1011,27,12,25,1340,4001,71,104],"class_list":{"0":"post-120116","1":"post","2":"type-post","3":"status-publish","4":"format-standard","5":"has-post-thumbnail","7":"category-saint-etienne","8":"tag-actu","9":"tag-actualites","10":"tag-auvergne-rhone-alpes","11":"tag-eu","12":"tag-europe","13":"tag-fr","14":"tag-france","15":"tag-news","16":"tag-republique-francaise","17":"tag-restaurant","18":"tag-saint-etienne","19":"tag-sante","20":"tag-societe"},"share_on_mastodon":{"url":"https:\/\/pubeurope.com\/@fr\/114552975166352435","error":""},"_links":{"self":[{"href":"https:\/\/www.europesays.com\/fr\/wp-json\/wp\/v2\/posts\/120116","targetHints":{"allow":["GET"]}}],"collection":[{"href":"https:\/\/www.europesays.com\/fr\/wp-json\/wp\/v2\/posts"}],"about":[{"href":"https:\/\/www.europesays.com\/fr\/wp-json\/wp\/v2\/types\/post"}],"author":[{"embeddable":true,"href":"https:\/\/www.europesays.com\/fr\/wp-json\/wp\/v2\/users\/2"}],"replies":[{"embeddable":true,"href":"https:\/\/www.europesays.com\/fr\/wp-json\/wp\/v2\/comments?post=120116"}],"version-history":[{"count":0,"href":"https:\/\/www.europesays.com\/fr\/wp-json\/wp\/v2\/posts\/120116\/revisions"}],"wp:featuredmedia":[{"embeddable":true,"href":"https:\/\/www.europesays.com\/fr\/wp-json\/wp\/v2\/media\/120117"}],"wp:attachment":[{"href":"https:\/\/www.europesays.com\/fr\/wp-json\/wp\/v2\/media?parent=120116"}],"wp:term":[{"taxonomy":"category","embeddable":true,"href":"https:\/\/www.europesays.com\/fr\/wp-json\/wp\/v2\/categories?post=120116"},{"taxonomy":"post_tag","embeddable":true,"href":"https:\/\/www.europesays.com\/fr\/wp-json\/wp\/v2\/tags?post=120116"}],"curies":[{"name":"wp","href":"https:\/\/api.w.org\/{rel}","templated":true}]}}