{"id":120123,"date":"2025-05-22T18:50:09","date_gmt":"2025-05-22T18:50:09","guid":{"rendered":"https:\/\/www.europesays.com\/fr\/120123\/"},"modified":"2025-05-22T18:50:09","modified_gmt":"2025-05-22T18:50:09","slug":"evade-du-tribunal-de-toulon-un-trentenaire-interpelle-dans-les-bouches-du-rhone","status":"publish","type":"post","link":"https:\/\/www.europesays.com\/fr\/120123\/","title":{"rendered":"\u00c9vad\u00e9 du tribunal de Toulon, un trentenaire interpell\u00e9 dans les Bouches-du-Rh\u00f4ne"},"content":{"rendered":"<p class=\"paragraph text_align_left\">Le fugitif qui s\u2019\u00e9tait <a href=\"https:\/\/www.leparisien.fr\/faits-divers\/insultes-et-menaces-de-mort-omar-sy-sen-prend-a-des-agents-sncf-qui-veulent-museler-son-chien-en-gare-de-lyon-22-05-2025-2ESVRVSM6FF43LDFDPB4IRLYUU.php\" target=\"_blank\" rel=\"noreferrer nofollow noopener\">\u00e9vad\u00e9 des ge\u00f4les du tribunal judiciaire de Toulon (Var)<\/a> vendredi dernier, a \u00e9t\u00e9 interpell\u00e9 ce jeudi, selon <a href=\"https:\/\/www.francebleu.fr\/infos\/faits-divers-justice\/exclu-l-individu-recherche-par-la-police-apres-son-evasion-du-palais-de-justice-de-toulon-interpelle-a-auriol-3572884\" target=\"_blank\" rel=\"noreferrer nofollow noopener\">Ici Provence<\/a> et <a href=\"https:\/\/www.bfmtv.com\/var\/info-bfm-toulon-var-evasion-du-tribunal-de-toulon-l-homme-a-ete-interpelle-a-auriol_AN-202505220488.html\" target=\"_blank\" rel=\"noreferrer nofollow noopener\">BFMTV<\/a>. Une information que Le Parisien est en mesure de confirmer. L\u2019homme de 34 ans, originaire de Marseille, a \u00e9t\u00e9 localis\u00e9 chez des proches dans le nord des Bouches-du-Rh\u00f4ne.<\/p>\n<p class=\"paragraph text_align_left\">L\u2019homme venait d\u2019\u00eatre jug\u00e9 en comparution imm\u00e9diate pour un refus d\u2019obtemp\u00e9rer et le vol d\u2019un v\u00e9hicule. Il avait \u00e9t\u00e9 condamn\u00e9 \u00e0 quatre ans de prison, dont un an assorti d\u2019un sursis probatoire avec obligation de soin. En avril 2024, il avait \u00e9t\u00e9 condamn\u00e9 pour des faits similaires. Un mandat de d\u00e9p\u00f4t est alors d\u00e9livr\u00e9.<\/p>\n<p>La cellule n\u2019aurait pas \u00e9t\u00e9 verrouill\u00e9e<\/p>\n<p class=\"paragraph text_align_left\">Mais le Marseillais ne se trouvait plus dans sa cellule du d\u00e9p\u00f4t au moment de son transf\u00e8rement vers la prison de La Farl\u00e8de. Sa cellule pourrait ne pas avoir \u00e9t\u00e9 verrouill\u00e9e et le d\u00e9tenu en aurait profit\u00e9 pour prendre la fuite.<\/p>\n<p class=\"paragraph text_align_left\">Il aurait \u00e9t\u00e9 interpell\u00e9 chez des proches \u00e0 Auriol, au nord d\u2019Aubagne. Il aurait tent\u00e9 de s\u2019\u00e9chapper au moment de son interpellation. Il a \u00e9t\u00e9 plac\u00e9 en garde \u00e0 vue au commissariat de Toulon.<\/p>\n<p class=\"lp-card-podcast-highlighting__title  lp-f-subtitle-05\">Affaire Fiona\u00a0: une fillette disparue\u2026 et l\u2019ombre du mensonge<\/p>\n<p class=\"lp-card-podcast-highlighting__description lp-f-ui-05\">Crime story raconte chaque semaine les grandes affaires criminelles.<\/p>\n<p><a class=\"lp-card-podcast-highlighting__call-to-action\" data-page-type=\"HP\" data-block-name=\"podcast-highlight\">\u00c9couter<\/a><\/p>\n<p class=\"paragraph text_align_left\">Le 14 mai dernier, ce Marseillais, d\u00e9j\u00e0 connu de la justice pour des faits similaires, vole un camion frigorifique \u00e0 Fr\u00e9jus, fait l\u2019objet d\u2019une course-poursuite \u00e0 travers le Var et finit \u00e0 Hy\u00e8res, face \u00e0 deux policiers, qu\u2019il charge avec son v\u00e9hicule, rapportait <a href=\"https:\/\/www.varmatin.com\/faits-divers\/la-folle-course-de-frejus-a-hyeres-d-un-camion-frigo-vole--985784?t=1747642825\" rel=\"nofollow noopener\" target=\"_blank\">Var Matin<\/a>. Les fonctionnaires \u00e9vitent le choc et le suspect est interpell\u00e9.<\/p>\n","protected":false},"excerpt":{"rendered":"Le fugitif qui s\u2019\u00e9tait \u00e9vad\u00e9 des ge\u00f4les du tribunal judiciaire de Toulon (Var) vendredi dernier, a \u00e9t\u00e9 interpell\u00e9&hellip;\n","protected":false},"author":2,"featured_media":111558,"comment_status":"","ping_status":"","sticky":false,"template":"","format":"standard","meta":{"footnotes":""},"categories":[9619],"tags":[1111,11,459,1777,674,118,1011,27,12,882,25,2310],"class_list":{"0":"post-120123","1":"post","2":"type-post","3":"status-publish","4":"format-standard","5":"has-post-thumbnail","7":"category-toulon","8":"tag-actu","9":"tag-actualites","10":"tag-departements-horsidfo","11":"tag-eu","12":"tag-europe","13":"tag-faits-divers","14":"tag-fr","15":"tag-france","16":"tag-news","17":"tag-provence-alpes-cote-dazur","18":"tag-republique-francaise","19":"tag-toulon"},"share_on_mastodon":{"url":"https:\/\/pubeurope.com\/@fr\/114552990977309651","error":""},"_links":{"self":[{"href":"https:\/\/www.europesays.com\/fr\/wp-json\/wp\/v2\/posts\/120123","targetHints":{"allow":["GET"]}}],"collection":[{"href":"https:\/\/www.europesays.com\/fr\/wp-json\/wp\/v2\/posts"}],"about":[{"href":"https:\/\/www.europesays.com\/fr\/wp-json\/wp\/v2\/types\/post"}],"author":[{"embeddable":true,"href":"https:\/\/www.europesays.com\/fr\/wp-json\/wp\/v2\/users\/2"}],"replies":[{"embeddable":true,"href":"https:\/\/www.europesays.com\/fr\/wp-json\/wp\/v2\/comments?post=120123"}],"version-history":[{"count":0,"href":"https:\/\/www.europesays.com\/fr\/wp-json\/wp\/v2\/posts\/120123\/revisions"}],"wp:featuredmedia":[{"embeddable":true,"href":"https:\/\/www.europesays.com\/fr\/wp-json\/wp\/v2\/media\/111558"}],"wp:attachment":[{"href":"https:\/\/www.europesays.com\/fr\/wp-json\/wp\/v2\/media?parent=120123"}],"wp:term":[{"taxonomy":"category","embeddable":true,"href":"https:\/\/www.europesays.com\/fr\/wp-json\/wp\/v2\/categories?post=120123"},{"taxonomy":"post_tag","embeddable":true,"href":"https:\/\/www.europesays.com\/fr\/wp-json\/wp\/v2\/tags?post=120123"}],"curies":[{"name":"wp","href":"https:\/\/api.w.org\/{rel}","templated":true}]}}