{"id":120128,"date":"2025-05-22T18:54:14","date_gmt":"2025-05-22T18:54:14","guid":{"rendered":"https:\/\/www.europesays.com\/fr\/120128\/"},"modified":"2025-05-22T18:54:14","modified_gmt":"2025-05-22T18:54:14","slug":"experience-de-democratie-performative-a-lhotel-de-ville","status":"publish","type":"post","link":"https:\/\/www.europesays.com\/fr\/120128\/","title":{"rendered":"Exp\u00e9rience de \u00ab\u00a0d\u00e9mocratie performative\u00a0\u00bb \u00e0 l&rsquo;h\u00f4tel de ville"},"content":{"rendered":"<p>Dans le cadre de son temps fort \u00ab\u00a0En Qu\u00eate de justice (et de soin)\u00a0\u00bb, le Centre dramatique national de Normandie-Rouen a constitu\u00e9 ce mercredi 21 mai 2025, \u00e0 la salle du Conseil municipal de l\u2019h\u00f4tel de ville, une sorte d&rsquo;assembl\u00e9e \u00e9ph\u00e9m\u00e8re de 60 citoyens et citoyennes.<\/p>\n<p>Ces Rouennaises et ces Rouennais de tous \u00e2ges et de tous horizons se sont engag\u00e9s dans la proposition artistique de\u00a0B\u00e9rang\u00e8re Jannelle intitul\u00e9e \u00ab\u00a0L\u2019Assembl\u00e9e\u00a0: exp\u00e9rience de d\u00e9mocratie performative\u00a0\u00bb.<\/p>\n<p><img decoding=\"async\" alt=\"assemmblee-02_1_1.jpg\" src=\"https:\/\/www.europesays.com\/fr\/wp-content\/uploads\/2025\/05\/assemmblee-02_1_1.jpg\"\/><\/p>\n<p class=\"rtecenter\">\u00a9 Rapha\u00ebl Par\u00e8s<\/p>\n<p>Un projet \u00e0 la fois s\u00e9rieux et joueur, politique et th\u00e9\u00e2tral, pour permettre aux participants\u00a0de vivre\u00a0l\u2019exercice l\u00e9gislatif et d\u00e9mocratique. Pendant toute la journ\u00e9e, en 4 groupes, ils se sont pench\u00e9s sur la cr\u00e9ation de nouveaux droits po\u00e9tiques sur la justice et le soin.<\/p>\n<ul>\n<li><strong>1er goupe<\/strong>\u00a0: Et si on prenait soin de la d\u00e9mocratie, comment int\u00e9grer les enfants et les jeunes \u00e0 un processus de gouvernance politique\u00a0?<\/li>\n<li><strong>2e groupe<\/strong>\u00a0: Et si on prenait soin des col\u00e8res au quotidien, comment inventer des petits palais de justice\u00a0?<\/li>\n<li><strong>3e groupe\u00a0<\/strong>: Et si on prenait soin du vivant, comment donner des droits aux paysages, aux arbres notamment\u00a0?<\/li>\n<li><strong>4e groupe<\/strong>\u00a0: Et si prendre soin de nous, c\u2019\u00e9tait imaginer un service public du temps libre\u00a0?<\/li>\n<\/ul>\n<p>Il s&rsquo;agissait de se documenter de mani\u00e8re \u00e0 nourrir\u00a0l&rsquo;\u00e9criture\u00a0des propositions de lois. Des grands t\u00e9moins ayant une expertise en lien avec ces th\u00e9matiques \u00e9taient invit\u00e9s pour apporter des \u00e9clairages aux l\u00e9gislateurs.<\/p>\n<p>\u00c0 17h30, une pl\u00e9ni\u00e8re s\u2019est tenue en public, o\u00f9 les propositions de lois ont pu \u00eatre expos\u00e9es et faire l&rsquo;objet d&rsquo;un d\u00e9bat.<\/p>\n","protected":false},"excerpt":{"rendered":"Dans le cadre de son temps fort \u00ab\u00a0En Qu\u00eate de justice (et de soin)\u00a0\u00bb, le Centre dramatique national&hellip;\n","protected":false},"author":2,"featured_media":120129,"comment_status":"","ping_status":"","sticky":false,"template":"","format":"standard","meta":{"footnotes":""},"categories":[9587],"tags":[1111,11,1777,674,1011,27,12,5161,25,9590],"class_list":{"0":"post-120128","1":"post","2":"type-post","3":"status-publish","4":"format-standard","5":"has-post-thumbnail","7":"category-rouen","8":"tag-actu","9":"tag-actualites","10":"tag-eu","11":"tag-europe","12":"tag-fr","13":"tag-france","14":"tag-news","15":"tag-normandie","16":"tag-republique-francaise","17":"tag-rouen"},"share_on_mastodon":{"url":"https:\/\/pubeurope.com\/@fr\/114553006562397890","error":""},"_links":{"self":[{"href":"https:\/\/www.europesays.com\/fr\/wp-json\/wp\/v2\/posts\/120128","targetHints":{"allow":["GET"]}}],"collection":[{"href":"https:\/\/www.europesays.com\/fr\/wp-json\/wp\/v2\/posts"}],"about":[{"href":"https:\/\/www.europesays.com\/fr\/wp-json\/wp\/v2\/types\/post"}],"author":[{"embeddable":true,"href":"https:\/\/www.europesays.com\/fr\/wp-json\/wp\/v2\/users\/2"}],"replies":[{"embeddable":true,"href":"https:\/\/www.europesays.com\/fr\/wp-json\/wp\/v2\/comments?post=120128"}],"version-history":[{"count":0,"href":"https:\/\/www.europesays.com\/fr\/wp-json\/wp\/v2\/posts\/120128\/revisions"}],"wp:featuredmedia":[{"embeddable":true,"href":"https:\/\/www.europesays.com\/fr\/wp-json\/wp\/v2\/media\/120129"}],"wp:attachment":[{"href":"https:\/\/www.europesays.com\/fr\/wp-json\/wp\/v2\/media?parent=120128"}],"wp:term":[{"taxonomy":"category","embeddable":true,"href":"https:\/\/www.europesays.com\/fr\/wp-json\/wp\/v2\/categories?post=120128"},{"taxonomy":"post_tag","embeddable":true,"href":"https:\/\/www.europesays.com\/fr\/wp-json\/wp\/v2\/tags?post=120128"}],"curies":[{"name":"wp","href":"https:\/\/api.w.org\/{rel}","templated":true}]}}