{"id":120134,"date":"2025-05-22T18:57:25","date_gmt":"2025-05-22T18:57:25","guid":{"rendered":"https:\/\/www.europesays.com\/fr\/120134\/"},"modified":"2025-05-22T18:57:25","modified_gmt":"2025-05-22T18:57:25","slug":"poursuivis-par-la-police-des-dealers-foncent-dans-un-vehicule-de-la-diro","status":"publish","type":"post","link":"https:\/\/www.europesays.com\/fr\/120134\/","title":{"rendered":"Poursuivis par la police, des dealers foncent dans un v\u00e9hicule de la Diro"},"content":{"rendered":"<p>Ils sont \u00ab\u00a0heureusement indemnes physiquement, mais profond\u00e9ment choqu\u00e9s\u00a0\u00bb, indique la Direction des routes de l\u2019Ouest (Diro) sur son compte Facebook. Dans la nuit de mercredi \u00e0 jeudi vers 2 heures du matin, un v\u00e9hicule qui r\u00e9alisait un chantier de fauchage sur la rocade sud de Rennes a \u00e9t\u00e9 violemment percut\u00e9 avec deux agents \u00e0 son bord. Quelques minutes plus t\u00f4t, les policiers avaient rep\u00e9r\u00e9 un v\u00e9hicule suspect. Mais \u00e0 la vue des agents, le conducteur de la BMW a pris la fuite, <a href=\"https:\/\/www.letelegramme.fr\/ille-et-vilaine\/rennes-35000\/un-vehicule-de-la-diro-percute-sur-la-rocade-de-rennes-il-faut-lever-les-yeux-de-son-telephone-6822435.php\" rel=\"nofollow noopener\" target=\"_blank\" class=\"color-ultramarine c-link\">rapporte Le T\u00e9l\u00e9gramme<\/a>.<\/p>\n<p><a href=\"https:\/\/www.20minutes.fr\/dossier\/course_poursuite\" class=\"color-ultramarine c-link\" rel=\"nofollow noopener\" target=\"_blank\">Une course-poursuite<\/a> s\u2019est alors engag\u00e9e avant que la voiture ne vienne tamponner violemment le fourgon de la Diro. Ses occupants, soup\u00e7onn\u00e9s d\u2019\u00eatre impliqu\u00e9s <a href=\"https:\/\/www.20minutes.fr\/dossier\/trafic_de_drogue\" class=\"color-ultramarine c-link\" rel=\"nofollow noopener\" target=\"_blank\">dans le trafic de stup\u00e9fiants<\/a>, ont pris la fuite \u00e0 pied. Trois d\u2019entre eux ont \u00e9t\u00e9 interpell\u00e9s et plac\u00e9s en garde \u00e0 vue. Une arme a \u00e9galement \u00e9t\u00e9 d\u00e9couverte \u00e0 bord du v\u00e9hicule abandonn\u00e9. Une enqu\u00eate, confi\u00e9e \u00e0 la division de la criminalit\u00e9 organis\u00e9e et sp\u00e9cialis\u00e9e, a \u00e9t\u00e9 ouverte.<\/p>\n","protected":false},"excerpt":{"rendered":"Ils sont \u00ab\u00a0heureusement indemnes physiquement, mais profond\u00e9ment choqu\u00e9s\u00a0\u00bb, indique la Direction des routes de l\u2019Ouest (Diro) sur son&hellip;\n","protected":false},"author":2,"featured_media":120135,"comment_status":"","ping_status":"","sticky":false,"template":"","format":"standard","meta":{"footnotes":""},"categories":[2821],"tags":[119,4376,1111,47,11,829,12930,1777,674,118,7641,1011,27,848,12,584,25,4377,887],"class_list":{"0":"post-120134","1":"post","2":"type-post","3":"status-publish","4":"format-standard","5":"has-post-thumbnail","7":"category-rennes","8":"tag-accident","9":"tag-accident-de-la-route","10":"tag-actu","11":"tag-actualite","12":"tag-actualites","13":"tag-bretagne","14":"tag-course-poursuite","15":"tag-eu","16":"tag-europe","17":"tag-faits-divers","18":"tag-faits-divers-rennes","19":"tag-fr","20":"tag-france","21":"tag-ille-et-vilaine","22":"tag-news","23":"tag-rennes","24":"tag-republique-francaise","25":"tag-stupefiant","26":"tag-trafic-de-drogue"},"share_on_mastodon":{"url":"https:\/\/pubeurope.com\/@fr\/114553018447413827","error":""},"_links":{"self":[{"href":"https:\/\/www.europesays.com\/fr\/wp-json\/wp\/v2\/posts\/120134","targetHints":{"allow":["GET"]}}],"collection":[{"href":"https:\/\/www.europesays.com\/fr\/wp-json\/wp\/v2\/posts"}],"about":[{"href":"https:\/\/www.europesays.com\/fr\/wp-json\/wp\/v2\/types\/post"}],"author":[{"embeddable":true,"href":"https:\/\/www.europesays.com\/fr\/wp-json\/wp\/v2\/users\/2"}],"replies":[{"embeddable":true,"href":"https:\/\/www.europesays.com\/fr\/wp-json\/wp\/v2\/comments?post=120134"}],"version-history":[{"count":0,"href":"https:\/\/www.europesays.com\/fr\/wp-json\/wp\/v2\/posts\/120134\/revisions"}],"wp:featuredmedia":[{"embeddable":true,"href":"https:\/\/www.europesays.com\/fr\/wp-json\/wp\/v2\/media\/120135"}],"wp:attachment":[{"href":"https:\/\/www.europesays.com\/fr\/wp-json\/wp\/v2\/media?parent=120134"}],"wp:term":[{"taxonomy":"category","embeddable":true,"href":"https:\/\/www.europesays.com\/fr\/wp-json\/wp\/v2\/categories?post=120134"},{"taxonomy":"post_tag","embeddable":true,"href":"https:\/\/www.europesays.com\/fr\/wp-json\/wp\/v2\/tags?post=120134"}],"curies":[{"name":"wp","href":"https:\/\/api.w.org\/{rel}","templated":true}]}}