{"id":120140,"date":"2025-05-22T19:00:08","date_gmt":"2025-05-22T19:00:08","guid":{"rendered":"https:\/\/www.europesays.com\/fr\/120140\/"},"modified":"2025-05-22T19:00:08","modified_gmt":"2025-05-22T19:00:08","slug":"wta-strasbourg-deja-un-record-battu-en-alsace","status":"publish","type":"post","link":"https:\/\/www.europesays.com\/fr\/120140\/","title":{"rendered":"WTA &#8211; Strasbourg > D\u00e9j\u00e0 un record battu en Alsace !"},"content":{"rendered":"<p>Les Internationaux de Strasbourg conti\u00adnuent de grandir et le passage en format WTA500 l\u2019an dernier porte ses fruits.\u00a0<\/p>\n<blockquote class=\"twitter-tweet\">\n<p lang=\"fr\" dir=\"ltr\">R\u00c9SULTATS DU JOUR \ud83d\udcca\ud83c\udfc6<\/p>\n<p>Demain, la pres\u00adsion s\u2019intensifie\u00a0: Cap sur les les demi\u2010finales\u202f! \ud83d\udd25<\/p>\n<p>Vous n\u2019avez pas encore vos places\u202f? Rendez\u2010vous sur notre billet\u00adterie en ligne \ud83c\udf9f <a href=\"https:\/\/t.co\/gS4eo7XAhb\" data-wpel-link=\"external\" target=\"_blank\" rel=\"nofollow external noopener\">pic.twitter.com\/gS4eo7XAhb<\/a><\/p>\n<p>\u2014 Internationaux de Strasbourg (@WTA_Strasbourg) <a href=\"https:\/\/twitter.com\/WTA_Strasbourg\/status\/1925613740780621846?ref_src=twsrc%5Etfw\" data-wpel-link=\"external\" target=\"_blank\" rel=\"nofollow external noopener\">May 22,\u00a02025<\/a><\/p><\/blockquote>\n<p>Avec un tableau de haut\u2010niveau et un temps plut\u00f4t cl\u00e9ment, le tournoi a accueilli dans des tr\u00e8s bonnes condi\u00adtions les fans de tennis.\u00a0<\/p>\n<p>Selon nos sources le record des spec\u00adta\u00adteurs de 2024 a d\u00e9j\u00e0 \u00e9t\u00e9 battu et on attend avec impa\u00adtience les donn\u00e9es offi\u00adcielles pour savoir si la barre des 50.000 sera d\u00e9pass\u00e9e.\u00a0<\/p>\n<p>Demain, place \u00e0 des demi\u2010finales plut\u00f4t all\u00e9\u00adchantes avec Collins\/Samsnova et Rybakina\/Haddad Maia.<\/p>\n<p class=\"post-published-date\" style=\"color: silver; font-size: 75%; text-align: left;\">Publi\u00e9 le jeudi 22 mai 2025 \u00e0 20:20<\/p>\n<p><script async src=\"https:\/\/platform.twitter.com\/widgets.js\" charset=\"utf-8\"><\/script><\/p>\n","protected":false},"excerpt":{"rendered":"Les Internationaux de Strasbourg conti\u00adnuent de grandir et le passage en format WTA500 l\u2019an dernier porte ses fruits.\u00a0&hellip;\n","protected":false},"author":2,"featured_media":62396,"comment_status":"","ping_status":"","sticky":false,"template":"","format":"standard","meta":{"footnotes":""},"categories":[2820],"tags":[1111,11,6903,1777,674,1011,27,775,12,25,640],"class_list":{"0":"post-120140","1":"post","2":"type-post","3":"status-publish","4":"format-standard","5":"has-post-thumbnail","7":"category-strasbourg","8":"tag-actu","9":"tag-actualites","10":"tag-elena-rybakina","11":"tag-eu","12":"tag-europe","13":"tag-fr","14":"tag-france","15":"tag-grand-est","16":"tag-news","17":"tag-republique-francaise","18":"tag-strasbourg"},"share_on_mastodon":{"url":"https:\/\/pubeurope.com\/@fr\/114553030128346795","error":""},"_links":{"self":[{"href":"https:\/\/www.europesays.com\/fr\/wp-json\/wp\/v2\/posts\/120140","targetHints":{"allow":["GET"]}}],"collection":[{"href":"https:\/\/www.europesays.com\/fr\/wp-json\/wp\/v2\/posts"}],"about":[{"href":"https:\/\/www.europesays.com\/fr\/wp-json\/wp\/v2\/types\/post"}],"author":[{"embeddable":true,"href":"https:\/\/www.europesays.com\/fr\/wp-json\/wp\/v2\/users\/2"}],"replies":[{"embeddable":true,"href":"https:\/\/www.europesays.com\/fr\/wp-json\/wp\/v2\/comments?post=120140"}],"version-history":[{"count":0,"href":"https:\/\/www.europesays.com\/fr\/wp-json\/wp\/v2\/posts\/120140\/revisions"}],"wp:featuredmedia":[{"embeddable":true,"href":"https:\/\/www.europesays.com\/fr\/wp-json\/wp\/v2\/media\/62396"}],"wp:attachment":[{"href":"https:\/\/www.europesays.com\/fr\/wp-json\/wp\/v2\/media?parent=120140"}],"wp:term":[{"taxonomy":"category","embeddable":true,"href":"https:\/\/www.europesays.com\/fr\/wp-json\/wp\/v2\/categories?post=120140"},{"taxonomy":"post_tag","embeddable":true,"href":"https:\/\/www.europesays.com\/fr\/wp-json\/wp\/v2\/tags?post=120140"}],"curies":[{"name":"wp","href":"https:\/\/api.w.org\/{rel}","templated":true}]}}