{"id":120170,"date":"2025-05-22T19:16:09","date_gmt":"2025-05-22T19:16:09","guid":{"rendered":"https:\/\/www.europesays.com\/fr\/120170\/"},"modified":"2025-05-22T19:16:09","modified_gmt":"2025-05-22T19:16:09","slug":"ratp-des-juin-lamende-pour-fraude-sera-plus-salee-dans-les-transports-en-commun-franciliens","status":"publish","type":"post","link":"https:\/\/www.europesays.com\/fr\/120170\/","title":{"rendered":"RATP\u00a0: d\u00e8s juin, l\u2019amende pour fraude sera plus sal\u00e9e dans les transports en commun franciliens"},"content":{"rendered":"<p>Le montant n\u2019est pas n\u00e9gligeable. La RATP a annonc\u00e9, jeudi, une hausse de 20 euros des amendes \u2013 en cas de paiement imm\u00e9diat \u2013 \u00e0 compter du 2 juin, dans le cadre du plan de lutte contre la fraude lanc\u00e9 en f\u00e9vrier par<a href=\"https:\/\/www.iledefrance-mobilites.fr\/\" target=\"_blank\" rel=\"noopener\"> \u00cele-de-France Mobilit\u00e9s<\/a> sur l\u2019ensemble des r\u00e9seaux franciliens. L\u2019amende passera ainsi de 50 \u00e0 70 \u20ac.<\/p>\n<p>En paiement diff\u00e9r\u00e9, sous la limite des 90 jours, l\u2019amende passe \u00e0 120 euros, et ensuite \u00e0 180 euros au-del\u00e0 des quatre-vingt-dix jours, en forfait major\u00e9, pr\u00e9cise la RATP.<\/p>\n<p>Concernant les bus et les tramways, l\u2019amende pour non-validation d\u2019un abonnement passera \u00e0 15 euros, ce qui repr\u00e9sente une augmentation de 10 euros, \u00ab afin d\u2019inciter les clients \u00e0 valider leur titre et ainsi adapter l\u2019offre de transport \u00e0 la demande gr\u00e2ce \u00e0 des remont\u00e9es de fr\u00e9quentation plus pr\u00e9cises \u00bb.<\/p>\n<p>Plus de 11 000 PV dress\u00e9s en 2024<\/p>\n<p>La RATP rappelle que la fraude repr\u00e9sente \u00ab plusieurs dizaines de millions d\u2019euros de perte annuelle et plus de 1,7 million d\u2019infractions chaque ann\u00e9e sur l\u2019ensemble du r\u00e9seau \u00bb qu\u2019elle exploite pour le compte d\u2019\u00cele-de-France Mobilit\u00e9s.<\/p>\n<p>Le durcissement des amendes va \u00eatre accompagn\u00e9 d\u2019affichages sur l\u2019ensemble du r\u00e9seau m\u00e9tro et RER, dans les stations de tramway ainsi que dans les bus, \u00e0 compter du 2 juin. Pour lutter contre la fraude, la RATP mobilise entre 400 et 600 agents de contr\u00f4le chaque jour sur son r\u00e9seau.<\/p>\n<p>\u00cele-de-France Mobilit\u00e9s a annonc\u00e9, mi-f\u00e9vrier, un plan de lutte visant \u00e0 diminuer la fraude de moiti\u00e9. Il s\u2019est traduit par le contr\u00f4le de 270 000 voyageurs, et pr\u00e8s de 11 500 amendes ont \u00e9t\u00e9 dress\u00e9es, indique la RATP.<\/p>\n","protected":false},"excerpt":{"rendered":"Le montant n\u2019est pas n\u00e9gligeable. La RATP a annonc\u00e9, jeudi, une hausse de 20 euros des amendes \u2013&hellip;\n","protected":false},"author":2,"featured_media":120171,"comment_status":"","ping_status":"","sticky":false,"template":"","format":"standard","meta":{"footnotes":""},"categories":[1592],"tags":[1111,11,765,1777,674,1011,27,662,12,626,25,2803,6917],"class_list":{"0":"post-120170","1":"post","2":"type-post","3":"status-publish","4":"format-standard","5":"has-post-thumbnail","7":"category-ile-de-france","8":"tag-actu","9":"tag-actualites","10":"tag-en-continu","11":"tag-eu","12":"tag-europe","13":"tag-fr","14":"tag-france","15":"tag-ile-de-france","16":"tag-news","17":"tag-paris","18":"tag-republique-francaise","19":"tag-transport","20":"tag-transport-ferroviaire"},"share_on_mastodon":{"url":"https:\/\/pubeurope.com\/@fr\/114553093070139361","error":""},"_links":{"self":[{"href":"https:\/\/www.europesays.com\/fr\/wp-json\/wp\/v2\/posts\/120170","targetHints":{"allow":["GET"]}}],"collection":[{"href":"https:\/\/www.europesays.com\/fr\/wp-json\/wp\/v2\/posts"}],"about":[{"href":"https:\/\/www.europesays.com\/fr\/wp-json\/wp\/v2\/types\/post"}],"author":[{"embeddable":true,"href":"https:\/\/www.europesays.com\/fr\/wp-json\/wp\/v2\/users\/2"}],"replies":[{"embeddable":true,"href":"https:\/\/www.europesays.com\/fr\/wp-json\/wp\/v2\/comments?post=120170"}],"version-history":[{"count":0,"href":"https:\/\/www.europesays.com\/fr\/wp-json\/wp\/v2\/posts\/120170\/revisions"}],"wp:featuredmedia":[{"embeddable":true,"href":"https:\/\/www.europesays.com\/fr\/wp-json\/wp\/v2\/media\/120171"}],"wp:attachment":[{"href":"https:\/\/www.europesays.com\/fr\/wp-json\/wp\/v2\/media?parent=120170"}],"wp:term":[{"taxonomy":"category","embeddable":true,"href":"https:\/\/www.europesays.com\/fr\/wp-json\/wp\/v2\/categories?post=120170"},{"taxonomy":"post_tag","embeddable":true,"href":"https:\/\/www.europesays.com\/fr\/wp-json\/wp\/v2\/tags?post=120170"}],"curies":[{"name":"wp","href":"https:\/\/api.w.org\/{rel}","templated":true}]}}