{"id":120172,"date":"2025-05-22T19:17:14","date_gmt":"2025-05-22T19:17:14","guid":{"rendered":"https:\/\/www.europesays.com\/fr\/120172\/"},"modified":"2025-05-22T19:17:14","modified_gmt":"2025-05-22T19:17:14","slug":"psg-nicolas-sarkozy-nassistera-pas-a-la-finale-de-la-ligue-des-champions-a-munich","status":"publish","type":"post","link":"https:\/\/www.europesays.com\/fr\/120172\/","title":{"rendered":"PSG\u00a0: Nicolas Sarkozy n\u2019assistera pas \u00e0 la finale de la Ligue des champions \u00e0 Munich"},"content":{"rendered":"<p class=\"paragraph text_align_left\">Supporter du PSG, Nicolas Sarkozy, l\u2019ancien pr\u00e9sident de la R\u00e9publique, ne sera pas pr\u00e9sent physiquement pour les deux finales du PSG. Cela concerne la finale de la Coupe de France contre Reims ce samedi (21 heures) face \u00e0 Reims au Stade de France et surtout la finale de la Ligue des champions contre l\u2019Inter Milan le samedi 31 mai \u00e0 Munich.<\/p>\n<p class=\"lp-f-ui-06 bet-widget_legal-notices lp-color-text-muted lp-mb-07\">LES JEUX D&rsquo;ARGENT ET DE HASARD PEUVENT \u00caTRE DANGEREUX : PERTES D&rsquo;ARGENT, CONFLITS FAMILIAUX, ADDICTION\u2026 RETROUVEZ NOS CONSEILS SUR <a href=\"https:\/\/joueurs-info-service.fr\/\" class=\"lp-color-text-muted\" rel=\"nofollow noopener\" target=\"_blank\">JOUEURS-INFO-SERVICE.FR<\/a> (09 74 75 13 13 &#8211; APPEL NON SURTAX\u00c9)<\/p>\n<p class=\"paragraph text_align_left\">C\u2019est l\u2019entourage de Nicolas Sarkozy qui a confi\u00e9 l\u2019info \u00e0 <a href=\"https:\/\/www.lequipe.fr\/Football\/Actualites\/Nicolas-sarkozy-ne-se-rendra-pas-aux-deux-finales-du-psg\/1564021\" target=\"_blank\" rel=\"noreferrer nofollow noopener\">L\u2019\u00c9quipe<\/a> : \u00ab Il n\u2019ira ni au Stade de France, ni \u00e0 Munich. Mais \u00e7a ne l\u2019emp\u00eachera absolument pas de supporter le PSG. Il a fait le choix de regarder ces matchs chez lui, en famille, \u00e0 Paris. \u00bb<\/p>\n<p class=\"paragraph text_align_left\">Condamn\u00e9 \u00e0 trois ans de prison dont un ferme dans l\u2019affaire des \u00e9coutes t\u00e9l\u00e9phoniques, Nicolas Sarkozy portait un bracelet \u00e9lectronique jusqu\u2019au <a href=\"https:\/\/www.leparisien.fr\/politique\/le-bracelet-electronique-de-nicolas-sarkozy-lui-a-ete-retire-annonce-le-parquet-de-paris-15-05-2025-YBY3ZDWNKBH4VMF5W2RHFML4NY.php\" target=\"_blank\" rel=\"noreferrer nofollow noopener\">14 mai dernier<\/a>. Il avait donc parfaitement le droit de venir au Stade de France assister \u00e0 la finale de la Coupe de France contre Reims.<\/p>\n<p class=\"paragraph text_align_left\">En revanche, pour aller \u00e0 Munich, l\u2019ancien chef d\u2019\u00c9tat aurait d\u00fb demander une autorisation pr\u00e9alable au juge d\u2019application des peines. Une demande qui n\u2019a visiblement pas \u00e9t\u00e9 faite.<\/p>\n","protected":false},"excerpt":{"rendered":"Supporter du PSG, Nicolas Sarkozy, l\u2019ancien pr\u00e9sident de la R\u00e9publique, ne sera pas pr\u00e9sent physiquement pour les deux&hellip;\n","protected":false},"author":2,"featured_media":120173,"comment_status":"","ping_status":"","sticky":false,"template":"","format":"standard","meta":{"footnotes":""},"categories":[1888],"tags":[1111,1928,11,1927,1777,674,63,1011,27,447,12,1926,626,1925,25,60],"class_list":{"0":"post-120172","1":"post","2":"type-post","3":"status-publish","4":"format-standard","5":"has-post-thumbnail","7":"category-paris","8":"tag-actu","9":"tag-actu-paris","10":"tag-actualites","11":"tag-actualites-paris","12":"tag-eu","13":"tag-europe","14":"tag-football","15":"tag-fr","16":"tag-france","17":"tag-ligue-des-champions","18":"tag-news","19":"tag-news-paris","20":"tag-paris","21":"tag-paris-news","22":"tag-republique-francaise","23":"tag-sports"},"share_on_mastodon":{"url":"https:\/\/pubeurope.com\/@fr\/114553097174043987","error":""},"_links":{"self":[{"href":"https:\/\/www.europesays.com\/fr\/wp-json\/wp\/v2\/posts\/120172","targetHints":{"allow":["GET"]}}],"collection":[{"href":"https:\/\/www.europesays.com\/fr\/wp-json\/wp\/v2\/posts"}],"about":[{"href":"https:\/\/www.europesays.com\/fr\/wp-json\/wp\/v2\/types\/post"}],"author":[{"embeddable":true,"href":"https:\/\/www.europesays.com\/fr\/wp-json\/wp\/v2\/users\/2"}],"replies":[{"embeddable":true,"href":"https:\/\/www.europesays.com\/fr\/wp-json\/wp\/v2\/comments?post=120172"}],"version-history":[{"count":0,"href":"https:\/\/www.europesays.com\/fr\/wp-json\/wp\/v2\/posts\/120172\/revisions"}],"wp:featuredmedia":[{"embeddable":true,"href":"https:\/\/www.europesays.com\/fr\/wp-json\/wp\/v2\/media\/120173"}],"wp:attachment":[{"href":"https:\/\/www.europesays.com\/fr\/wp-json\/wp\/v2\/media?parent=120172"}],"wp:term":[{"taxonomy":"category","embeddable":true,"href":"https:\/\/www.europesays.com\/fr\/wp-json\/wp\/v2\/categories?post=120172"},{"taxonomy":"post_tag","embeddable":true,"href":"https:\/\/www.europesays.com\/fr\/wp-json\/wp\/v2\/tags?post=120172"}],"curies":[{"name":"wp","href":"https:\/\/api.w.org\/{rel}","templated":true}]}}