{"id":120176,"date":"2025-05-22T19:19:08","date_gmt":"2025-05-22T19:19:08","guid":{"rendered":"https:\/\/www.europesays.com\/fr\/120176\/"},"modified":"2025-05-22T19:19:08","modified_gmt":"2025-05-22T19:19:08","slug":"de-50-a-70-euros-pour-lutter-contre-la-fraude-la-ratp-augmente-le-tarif-de-ses-amendes","status":"publish","type":"post","link":"https:\/\/www.europesays.com\/fr\/120176\/","title":{"rendered":"De\u00a050 \u00e0 70\u00a0euros\u00a0: pour lutter contre la fraude, la RATP augmente le tarif de ses amendes"},"content":{"rendered":"<p class=\"paragraph text_align_left\"><a href=\"https:\/\/www.leparisien.fr\/info-paris-ile-de-france-oise\/transports\/ratp\/\" target=\"_blank\" rel=\"noreferrer nofollow noopener\">La RATP<\/a> entend \u00ab am\u00e9liorer l\u2019efficacit\u00e9 de la lutte contre la fraude \u00bb. \u00c0 compter du 2 juin, sur l\u2019ensemble des r\u00e9seaux de transports franciliens, <a href=\"https:\/\/www.leparisien.fr\/info-paris-ile-de-france-oise\/transports\/lutte-contre-la-fraude-les-amendes-ratp-vont-augmenter-avant-lete-28-03-2025-TJ4QHUT6LRFUDE54QHER5HSTXE.php\" target=\"_blank\" rel=\"noreferrer nofollow noopener\">les amendes tarifaires augmenteront de 20 euros<\/a> &#8211; en cas de paiement imm\u00e9diat -, a fait savoir la R\u00e9gie autonome des transports parisiens, ce jeudi.<\/p>\n<p class=\"paragraph text_align_left\">\u00ab \u00c0 compter du 2 juin, afin d\u2019am\u00e9liorer <a href=\"https:\/\/www.leparisien.fr\/info-paris-ile-de-france-oise\/transports\/la-ratp-ferait-mieux-de-sattaquer-aux-vrais-fraudeurs-ils-disent-non-aux-amendes-abusives-10-05-2025-37QFWTH5EVEHTA4EQYGFODWDLE.php\" target=\"_blank\" rel=\"noreferrer nofollow noopener\">l\u2019efficacit\u00e9 de la lutte contre la fraude,<\/a> l\u2019amende tarifaire en paiement imm\u00e9diat passe \u00e0 70 euros, soit une augmentation de 20 euros \u00bb, a annonc\u00e9 la RATP, une mesure qui s\u2019inscrit dans le cadre du plan de lutte contre la fraude lanc\u00e9 en f\u00e9vrier par \u00cele-de-France Mobilit\u00e9s sur l\u2019ensemble des r\u00e9seaux franciliens.<\/p>\n<p class=\"paragraph text_align_left\">En paiement diff\u00e9r\u00e9, sous la limite des 90 jours, l\u2019amende passe \u00e0 120 euros, et ensuite \u00e0 180 euros au-del\u00e0 des 90 jours, en forfait major\u00e9, pr\u00e9cise-t-elle.<\/p>\n<p>Pr\u00e8s de 11 500 amendes depuis mi-f\u00e9vrier<\/p>\n<p class=\"paragraph text_align_left\">Concernant les bus et tramways, l\u2019amende pour non-validation d\u2019un abonnement passera \u00e0 15 euros, ce qui repr\u00e9sente une augmentation de 10 euros, \u00ab afin d\u2019inciter les clients \u00e0 valider leur titre et ainsi adapter l\u2019offre de transport \u00e0 la demande gr\u00e2ce \u00e0 des remont\u00e9es de fr\u00e9quentation plus pr\u00e9cises \u00bb.<\/p>\n<p class=\"paragraph text_align_left\">La RATP rappelle que la fraude repr\u00e9sente \u00ab plusieurs dizaines de millions d\u2019euros de perte annuelle et plus de 1,7 million d\u2019infractions chaque ann\u00e9e sur l\u2019ensemble du r\u00e9seau \u00bb qu\u2019elle exploite pour le compte d\u2019\u00cele-de-France Mobilit\u00e9s.<\/p>\n<p class=\"paragraph text_align_left\">Le durcissement des amendes va \u00eatre accompagn\u00e9 d\u2019affichages sur l\u2019ensemble du r\u00e9seau m\u00e9tro et RER, dans les stations de tramway ainsi que dans les bus \u00e0 compter du 2 juin. Pour lutter contre la fraude, la RATP mobilise entre 400 et 600 agents de contr\u00f4le chaque jour sur son r\u00e9seau.<\/p>\n<p class=\"paragraph text_align_left\">\u00cele-de-France Mobilit\u00e9s a annonc\u00e9 mi-f\u00e9vrier un plan de lutte visant \u00e0 diminuer la fraude de moiti\u00e9. Il s\u2019est traduit par le contr\u00f4le de 270 000 voyageurs et <a href=\"https:\/\/www.leparisien.fr\/economie\/ca-pousse-a-faire-des-pv-a-la-ratp-les-controleurs-touchent-10-des-recettes-des-amendes-13-03-2024-C3YJP2BZ3VFIVEWBM5LTKMN5CY.php\" target=\"_blank\" rel=\"noreferrer nofollow noopener\">pr\u00e8s de 11 500 amendes ont \u00e9t\u00e9 dress\u00e9es<\/a>, indique la RATP.<\/p>\n","protected":false},"excerpt":{"rendered":"La RATP entend \u00ab am\u00e9liorer l\u2019efficacit\u00e9 de la lutte contre la fraude \u00bb. \u00c0 compter du 2 juin,&hellip;\n","protected":false},"author":2,"featured_media":120177,"comment_status":"","ping_status":"","sticky":false,"template":"","format":"standard","meta":{"footnotes":""},"categories":[1888],"tags":[11,1777,674,1011,27,1944,12,626,25,2382],"class_list":{"0":"post-120176","1":"post","2":"type-post","3":"status-publish","4":"format-standard","5":"has-post-thumbnail","7":"category-paris","8":"tag-actualites","9":"tag-eu","10":"tag-europe","11":"tag-fr","12":"tag-france","13":"tag-ma-ville","14":"tag-news","15":"tag-paris","16":"tag-republique-francaise","17":"tag-transport-idf-oise"},"share_on_mastodon":{"url":"https:\/\/pubeurope.com\/@fr\/114553104917150395","error":""},"_links":{"self":[{"href":"https:\/\/www.europesays.com\/fr\/wp-json\/wp\/v2\/posts\/120176","targetHints":{"allow":["GET"]}}],"collection":[{"href":"https:\/\/www.europesays.com\/fr\/wp-json\/wp\/v2\/posts"}],"about":[{"href":"https:\/\/www.europesays.com\/fr\/wp-json\/wp\/v2\/types\/post"}],"author":[{"embeddable":true,"href":"https:\/\/www.europesays.com\/fr\/wp-json\/wp\/v2\/users\/2"}],"replies":[{"embeddable":true,"href":"https:\/\/www.europesays.com\/fr\/wp-json\/wp\/v2\/comments?post=120176"}],"version-history":[{"count":0,"href":"https:\/\/www.europesays.com\/fr\/wp-json\/wp\/v2\/posts\/120176\/revisions"}],"wp:featuredmedia":[{"embeddable":true,"href":"https:\/\/www.europesays.com\/fr\/wp-json\/wp\/v2\/media\/120177"}],"wp:attachment":[{"href":"https:\/\/www.europesays.com\/fr\/wp-json\/wp\/v2\/media?parent=120176"}],"wp:term":[{"taxonomy":"category","embeddable":true,"href":"https:\/\/www.europesays.com\/fr\/wp-json\/wp\/v2\/categories?post=120176"},{"taxonomy":"post_tag","embeddable":true,"href":"https:\/\/www.europesays.com\/fr\/wp-json\/wp\/v2\/tags?post=120176"}],"curies":[{"name":"wp","href":"https:\/\/api.w.org\/{rel}","templated":true}]}}