{"id":120178,"date":"2025-05-22T19:20:08","date_gmt":"2025-05-22T19:20:08","guid":{"rendered":"https:\/\/www.europesays.com\/fr\/120178\/"},"modified":"2025-05-22T19:20:08","modified_gmt":"2025-05-22T19:20:08","slug":"a-paris-les-chauffeurs-de-taxi-font-monter-la-pression-liberation","status":"publish","type":"post","link":"https:\/\/www.europesays.com\/fr\/120178\/","title":{"rendered":"\u00e0 Paris, les chauffeurs de taxi font monter la pression \u2013 Lib\u00e9ration"},"content":{"rendered":"<p class=\"sc-ksZaOG ehjQrN text-element\">L\u2019odeur et la fum\u00e9e des grillades se r\u00e9pandent \u00e0 l\u2019int\u00e9rieur de la station de m\u00e9tro Rue du Bac, dans le VIIe arrondissement de Paris. A quelques pas du minist\u00e8re des Transports, sous le soleil printanier de ce jeudi 22 mai, des centaines de conducteurs de taxi bloquent la totalit\u00e9 du boulevard Raspail, qui grimpe jusqu\u2019au XIVe arrondissement. Quelques p\u00e9tards \u00e9clatent sur fond de musique dansante, rythm\u00e9e par le concert de klaxons. Une mobilisation aux allures d\u2019un aprem grillades entre copains, mais qui r\u00e9v\u00e8le n\u00e9anmoins <a href=\"https:\/\/www.liberation.fr\/economie\/transports\/taxis-en-colere-450-kilometres-de-bouchons-en-ile-de-france-ce-mercredi-20250521_IJEF6ISUNNAR7JZW3DRWVEJNEQ\/\" target=\"_blank\" rel=\"noreferrer noopener\" title=\"https:\/\/www.liberation.fr\/economie\/transports\/taxis-en-colere-450-kilometres-de-bouchons-en-ile-de-france-ce-mercredi-20250521_IJEF6ISUNNAR7JZW3DRWVEJNEQ\/\">un tr\u00e8s s\u00e9rieux malaise<\/a>. \u00abJe suis \u00e9c\u0153ur\u00e9\u00bb, lance James, arriv\u00e9 cette nuit de M\u00e2con, en Sa\u00f4ne-et-Loire. <\/p>\n<p class=\"sc-ksZaOG ehjQrN text-element\">Le trentenaire est dans le m\u00e9tier depuis dix-sept ans. En rachetant le fonds de commerce d\u2019une soci\u00e9t\u00e9 en f\u00e9vrier, il a investi beaucoup d\u2019argent, pensant le rentabiliser en quelques mois. Mais si la nouvelle convention de l\u2019Assurance maladie entre en vigueur le 1er octobre, comme pr\u00e9vu, James affirme perdre 4 000 euros de chiffre d\u2019affaires par mois. Et avec, la perspective de rembourser ses frais. \u00abC\u2019est \u00e9c\u0153urant. Perdre 30 %, c\u2019est stressant. J\u2019ai peur pour la suite.\u00bb Comme ses coll<\/p>\n","protected":false},"excerpt":{"rendered":"L\u2019odeur et la fum\u00e9e des grillades se r\u00e9pandent \u00e0 l\u2019int\u00e9rieur de la station de m\u00e9tro Rue du Bac,&hellip;\n","protected":false},"author":2,"featured_media":120179,"comment_status":"","ping_status":"","sticky":false,"template":"","format":"standard","meta":{"footnotes":""},"categories":[1888],"tags":[11,732,1777,674,1011,27,662,12,626,25],"class_list":{"0":"post-120178","1":"post","2":"type-post","3":"status-publish","4":"format-standard","5":"has-post-thumbnail","7":"category-paris","8":"tag-actualites","9":"tag-assurance-maladie","10":"tag-eu","11":"tag-europe","12":"tag-fr","13":"tag-france","14":"tag-ile-de-france","15":"tag-news","16":"tag-paris","17":"tag-republique-francaise"},"share_on_mastodon":{"url":"https:\/\/pubeurope.com\/@fr\/114553108840505685","error":""},"_links":{"self":[{"href":"https:\/\/www.europesays.com\/fr\/wp-json\/wp\/v2\/posts\/120178","targetHints":{"allow":["GET"]}}],"collection":[{"href":"https:\/\/www.europesays.com\/fr\/wp-json\/wp\/v2\/posts"}],"about":[{"href":"https:\/\/www.europesays.com\/fr\/wp-json\/wp\/v2\/types\/post"}],"author":[{"embeddable":true,"href":"https:\/\/www.europesays.com\/fr\/wp-json\/wp\/v2\/users\/2"}],"replies":[{"embeddable":true,"href":"https:\/\/www.europesays.com\/fr\/wp-json\/wp\/v2\/comments?post=120178"}],"version-history":[{"count":0,"href":"https:\/\/www.europesays.com\/fr\/wp-json\/wp\/v2\/posts\/120178\/revisions"}],"wp:featuredmedia":[{"embeddable":true,"href":"https:\/\/www.europesays.com\/fr\/wp-json\/wp\/v2\/media\/120179"}],"wp:attachment":[{"href":"https:\/\/www.europesays.com\/fr\/wp-json\/wp\/v2\/media?parent=120178"}],"wp:term":[{"taxonomy":"category","embeddable":true,"href":"https:\/\/www.europesays.com\/fr\/wp-json\/wp\/v2\/categories?post=120178"},{"taxonomy":"post_tag","embeddable":true,"href":"https:\/\/www.europesays.com\/fr\/wp-json\/wp\/v2\/tags?post=120178"}],"curies":[{"name":"wp","href":"https:\/\/api.w.org\/{rel}","templated":true}]}}