{"id":120182,"date":"2025-05-22T19:22:09","date_gmt":"2025-05-22T19:22:09","guid":{"rendered":"https:\/\/www.europesays.com\/fr\/120182\/"},"modified":"2025-05-22T19:22:09","modified_gmt":"2025-05-22T19:22:09","slug":"la-grande-desillusion-des-europeens-leurres-par-donald-trump","status":"publish","type":"post","link":"https:\/\/www.europesays.com\/fr\/120182\/","title":{"rendered":"la grande d\u00e9sillusion des Europ\u00e9ens leurr\u00e9s par Donald Trump"},"content":{"rendered":"<p><strong>ANALYSE<\/strong> &#8211; L\u2019Europe esp\u00e9rait que le pr\u00e9sident am\u00e9ricain durcirait le ton face \u00e0 Vladimir Poutine pour le forcer \u00e0 accepter un cessez-le-feu. Ils sont en train de d\u00e9chanter.<\/p>\n<p class=\"fig-paragraph\">Un grand d\u00e9calage entre la rh\u00e9torique des Europ\u00e9ens et leurs actions. C\u2019est ce qui a marqu\u00e9, en filigrane, la Conf\u00e9rence Lennart Meri sur les grands enjeux g\u00e9opolitiques, organis\u00e9e chaque ann\u00e9e \u00e0 Tallinn. Apr\u00e8s un sursaut mat\u00e9rialis\u00e9 par les promesses de Paris et Londres, la r\u00e9alit\u00e9, celle de l\u2019impuissance europ\u00e9enne, apr\u00e8s trente ans de d\u00e9sarmement, face \u00e0 la d\u00e9termination de\u00a0<a href=\"http:\/\/www.lefigaro.fr\/international\/oleksandra-matviitchouk-poutine-fait-semblant-de-negocier-20250519\" target=\"_blank\" data-fig-type=\"Article\" rel=\"noopener nofollow\" data-gtm-custom-categorie=\"navigation\" data-gtm-custom-action=\"crossclick\" data-gtm-custom-label=\"Contextuel\" data-gtm-event=\"customEventSPE\" data-fig-domain=\"LEFIGARO\">Vladimir Poutine<\/a>\u00a0et \u00e0 la disruption trumpienne, a jet\u00e9 un froid dans cette assembl\u00e9e compos\u00e9e d\u2019experts de la Russie, de dirigeants des pays de l\u2019Est, de diplomates europ\u00e9ens, d\u2019opposants russes, de repr\u00e9sentants am\u00e9ricains.<\/p>\n<p class=\"fig-paragraph\">Premi\u00e8re d\u00e9sillusion, l\u2019espoir d\u2019un\u00a0<a href=\"http:\/\/www.lefigaro.fr\/international\/guerre-en-ukraine-poutine-s-engage-devant-trump-a-discuter-d-un-cessez-le-feu-20250519\" target=\"_blank\" data-fig-type=\"Article\" rel=\"noopener nofollow\" data-gtm-custom-categorie=\"navigation\" data-gtm-custom-action=\"crossclick\" data-gtm-custom-label=\"Contextuel\" data-gtm-event=\"customEventSPE\" data-fig-domain=\"LEFIGARO\">cessez-le-feu en Ukraine<\/a>, auquel ont voulu croire, ou ont fait mine de croire, certaines capitales du continent, les plus \u00e9loign\u00e9es du front russe. Elles ont accompagn\u00e9 l\u2019initiative de Donald Trump pour faire revenir l\u2019Europe \u00e0 la table des n\u00e9gociations et pour forcer une solution dans cette guerre dont tout le monde, sauf peut-\u00eatre Poutine, aimerait qu\u2019elle\u2026<\/p>\n<p class=\"fig-premium-paywall__infos\">\n        Cet article est r\u00e9serv\u00e9 aux abonn\u00e9s.        Il vous reste 90% \u00e0 d\u00e9couvrir.\n    <\/p>\n<p>                <img  data- alt=\"Le Figaro\" class=\"fig-img--complete fig-img\"\/><\/p>\n<p class=\"fig-premium-paywall__title\">Vente Flash<\/p>\n<p class=\"fig-premium-paywall__subtitle\">4,99\u20ac par mois pendant 12 mois. Sans engagement.<\/p>\n<p class=\"fig-premium-paywall__connect\">\n                D\u00e9j\u00e0 abonn\u00e9\u00a0?                <a class=\"fig-premium-paywall__connect-link\" href=\"https:\/\/connect.lefigaro.fr\/login?client=horizon_web&amp;type=main&amp;redirect_uri=https%3A%2F%2Fwww.lefigaro.fr%2Finternational%2Fguerre-en-ukraine-la-grande-desillusion-des-europeens-leurres-par-donald-trump-20250522\" data-js-gtm=\"{&quot;customCategorie&quot;: &quot;conversion&quot;, &quot;customAction&quot;: &quot;before_Landing_Connexion_paywall_auto&quot;, &quot;customLabel&quot;: &quot;bGVmaWdhcm8uZnJfXzFmMDM2ZjY2LTY1MTAtNjMwOC04NTVkLTQ3OTA0MjdjODQ4OV9fQXJ0aWNsZQ==_Guerre en Ukraine\u00a0: la grande d\u00e9sillusion des Europ\u00e9ens leurr\u00e9s par Donald Trump_396&quot;, &quot;customIDSPE&quot;: &quot;bGVmaWdhcm8uZnJfXzFmMDM2ZjY2LTY1MTAtNjMwOC04NTVkLTQ3OTA0MjdjODQ4OV9fQXJ0aWNsZQ==&quot;, &quot;event&quot;: &quot;customEventSPE&quot;}\" rel=\"nofollow noopener\" target=\"_blank\"><br \/>\n                    Connectez-vous<br \/>\n                <\/a>\n            <\/p>\n","protected":false},"excerpt":{"rendered":"ANALYSE &#8211; L\u2019Europe esp\u00e9rait que le pr\u00e9sident am\u00e9ricain durcirait le ton face \u00e0 Vladimir Poutine pour le forcer&hellip;\n","protected":false},"author":2,"featured_media":120183,"comment_status":"","ping_status":"","sticky":false,"template":"","format":"standard","meta":{"footnotes":""},"categories":[1590],"tags":[259,11,260,1777,674,14,261,12,262,132,220,135],"class_list":{"0":"post-120182","1":"post","2":"type-post","3":"status-publish","4":"format-standard","5":"has-post-thumbnail","7":"category-ukraine","8":"tag-actualite-internationale","9":"tag-actualites","10":"tag-affaires-etrangeres","11":"tag-eu","12":"tag-europe","13":"tag-international","14":"tag-ministere-des-affaires-etrangeres","15":"tag-news","16":"tag-politique-etrangere","17":"tag-russie","18":"tag-ukraine","19":"tag-vladimir-poutine"},"share_on_mastodon":{"url":"https:\/\/pubeurope.com\/@fr\/114553116669219143","error":""},"_links":{"self":[{"href":"https:\/\/www.europesays.com\/fr\/wp-json\/wp\/v2\/posts\/120182","targetHints":{"allow":["GET"]}}],"collection":[{"href":"https:\/\/www.europesays.com\/fr\/wp-json\/wp\/v2\/posts"}],"about":[{"href":"https:\/\/www.europesays.com\/fr\/wp-json\/wp\/v2\/types\/post"}],"author":[{"embeddable":true,"href":"https:\/\/www.europesays.com\/fr\/wp-json\/wp\/v2\/users\/2"}],"replies":[{"embeddable":true,"href":"https:\/\/www.europesays.com\/fr\/wp-json\/wp\/v2\/comments?post=120182"}],"version-history":[{"count":0,"href":"https:\/\/www.europesays.com\/fr\/wp-json\/wp\/v2\/posts\/120182\/revisions"}],"wp:featuredmedia":[{"embeddable":true,"href":"https:\/\/www.europesays.com\/fr\/wp-json\/wp\/v2\/media\/120183"}],"wp:attachment":[{"href":"https:\/\/www.europesays.com\/fr\/wp-json\/wp\/v2\/media?parent=120182"}],"wp:term":[{"taxonomy":"category","embeddable":true,"href":"https:\/\/www.europesays.com\/fr\/wp-json\/wp\/v2\/categories?post=120182"},{"taxonomy":"post_tag","embeddable":true,"href":"https:\/\/www.europesays.com\/fr\/wp-json\/wp\/v2\/tags?post=120182"}],"curies":[{"name":"wp","href":"https:\/\/api.w.org\/{rel}","templated":true}]}}