{"id":120188,"date":"2025-05-22T19:25:08","date_gmt":"2025-05-22T19:25:08","guid":{"rendered":"https:\/\/www.europesays.com\/fr\/120188\/"},"modified":"2025-05-22T19:25:08","modified_gmt":"2025-05-22T19:25:08","slug":"lallemagne-pense-a-faire-participer-les-enfants-des-6-ans-pour-sauver-son-systeme","status":"publish","type":"post","link":"https:\/\/www.europesays.com\/fr\/120188\/","title":{"rendered":"l\u2019Allemagne pense \u00e0 faire participer les enfants d\u00e8s 6 ans pour sauver son syst\u00e8me"},"content":{"rendered":"<p>La France n\u2019est pas le seul pays o\u00f9 la question des retraites agite le d\u00e9bat public. Nos voisins allemands, eux aussi, doivent trouver des solutions pour assurer la p\u00e9rennit\u00e9 financi\u00e8re de leur syst\u00e8me de retraite face au vieillissement de la population. Tous les moyens pour y parvenir sont envisag\u00e9s, m\u00eame les plus surprenants.<\/p>\n<p><strong>\u00c9pargner pour sa retraite d\u00e8s 6 ans<\/strong><\/p>\n<p>Fra\u00eechement \u00e9lu, le chancelier Friedrich Merz r\u00e9fl\u00e9chit \u00e0 l\u2019instauration d\u2019un syst\u00e8me de \u00ab\u00a0pension anticip\u00e9e\u00a0\u00bb, rapportent les m\u00e9dias germaniques cit\u00e9s par <a data-i13n=\"cpos:1;pos:1\" href=\"https:\/\/www.courrierinternational.com\/article\/societe-preparer-sa-retraite-des-l-enfance-en-allemagne-la-question-se-pose_230933\" rel=\"nofollow noopener\" target=\"_blank\" data-ylk=\"slk:Courrier International;cpos:1;pos:1;elm:context_link;itc:0;sec:content-canvas\" class=\"link \">Courrier International<\/a>. Concr\u00e8tement, l\u2019\u00c9tat se chargerait de verser sur un \u00ab\u00a0compte individuel de retraite\u00a0\u00bb 10 euros par mois \u00e0 chaque enfant scolaris\u00e9 \u00e0 partir de ses 6 ans jusqu\u2019\u00e0 sa majorit\u00e9. Ce dispositif, financ\u00e9 \u00e0 100% par l\u2019\u00c9tat, permettait \u00e0 chaque Allemand d\u2019avoir 2 100 \u20ac sur son compte \u00e0 ses 18 ans en se basant sur des int\u00e9r\u00eats \u00e0 6%. Si le titulaire du compte venait \u00e0 continuer \u00e0 verser, par lui-m\u00eame, 10 \u20ac par mois jusqu\u2019\u00e0 son d\u00e9part \u00e0 la retraite, il porterait son capital \u00e0 70 000 \u20ac. Si une telle mesure \u00e9tait appliqu\u00e9, les fonds ne pourront \u00eatre d\u00e9bloqu\u00e9s qu\u2019\u00e0 l\u2019\u00e2ge l\u00e9gal de d\u00e9part \u00e0 la retraite, fix\u00e9 \u00e0 67 ans \u00e0 l\u2019horizon 2029.<\/p>\n<p><strong>Une entr\u00e9e en vigueur en 2026 ?<\/strong><\/p>\n<p>Questionn\u00e9 sur co\u00fbt d\u2019un tel projet (environ 84 millions d\u2019euros par an), Friedrich Merz a r\u00e9torqu\u00e9 que cette id\u00e9e co\u00fbtera toujours \u00ab\u00a0moins cher que les subventions f\u00e9d\u00e9rales toujours plus importantes vers\u00e9es \u00e0 l&rsquo;assurance retraite\u00a0\u00bb.<\/p>\n<p>Le nouvel homme fort de l\u2019Allemagne estime aussi que cette mesure inciterait la jeune g\u00e9n\u00e9ration \u00e0 savoir bien g\u00e9rer leurs finances personnelles pour convaincre les jeunes \u00ab\u00a0qu&rsquo;ils doivent \u00e9pargner et, surtout, qu&rsquo;\u00e9pargner en vaut vraiment la peine\u00a0\u00bb. Pour que cette proposition ne reste pas vaine, le chancelier doit maintenant trouver un accord avec sa coalition. Probl\u00e8me : le clan social-d\u00e9mocrate (SPD) de cette collation sera difficile \u00e0 convaincre. Si un accord est trouv\u00e9, ce dispositif pourrait entrer en vigueur d\u00e8s l\u2019ann\u00e9e prochaine.<\/p>\n","protected":false},"excerpt":{"rendered":"La France n\u2019est pas le seul pays o\u00f9 la question des retraites agite le d\u00e9bat public. Nos voisins&hellip;\n","protected":false},"author":2,"featured_media":120189,"comment_status":"","ping_status":"","sticky":false,"template":"","format":"standard","meta":{"footnotes":""},"categories":[1587],"tags":[11,672,1804,20473,1805,1803,1777,674,4710,1801,12,1802,24154],"class_list":{"0":"post-120188","1":"post","2":"type-post","3":"status-publish","4":"format-standard","5":"has-post-thumbnail","7":"category-allemagne","8":"tag-actualites","9":"tag-allemagne","10":"tag-bundesrepublik-deutschland","11":"tag-courrier-international","12":"tag-de","13":"tag-deutschland","14":"tag-eu","15":"tag-europe","16":"tag-friedrich-merz","17":"tag-germany","18":"tag-news","19":"tag-republique-federale-dallemagne","20":"tag-vieillissement-de-la-population"},"share_on_mastodon":{"url":"https:\/\/pubeurope.com\/@fr\/114553128537516068","error":""},"_links":{"self":[{"href":"https:\/\/www.europesays.com\/fr\/wp-json\/wp\/v2\/posts\/120188","targetHints":{"allow":["GET"]}}],"collection":[{"href":"https:\/\/www.europesays.com\/fr\/wp-json\/wp\/v2\/posts"}],"about":[{"href":"https:\/\/www.europesays.com\/fr\/wp-json\/wp\/v2\/types\/post"}],"author":[{"embeddable":true,"href":"https:\/\/www.europesays.com\/fr\/wp-json\/wp\/v2\/users\/2"}],"replies":[{"embeddable":true,"href":"https:\/\/www.europesays.com\/fr\/wp-json\/wp\/v2\/comments?post=120188"}],"version-history":[{"count":0,"href":"https:\/\/www.europesays.com\/fr\/wp-json\/wp\/v2\/posts\/120188\/revisions"}],"wp:featuredmedia":[{"embeddable":true,"href":"https:\/\/www.europesays.com\/fr\/wp-json\/wp\/v2\/media\/120189"}],"wp:attachment":[{"href":"https:\/\/www.europesays.com\/fr\/wp-json\/wp\/v2\/media?parent=120188"}],"wp:term":[{"taxonomy":"category","embeddable":true,"href":"https:\/\/www.europesays.com\/fr\/wp-json\/wp\/v2\/categories?post=120188"},{"taxonomy":"post_tag","embeddable":true,"href":"https:\/\/www.europesays.com\/fr\/wp-json\/wp\/v2\/tags?post=120188"}],"curies":[{"name":"wp","href":"https:\/\/api.w.org\/{rel}","templated":true}]}}