{"id":12020,"date":"2025-04-09T07:17:09","date_gmt":"2025-04-09T07:17:09","guid":{"rendered":"https:\/\/www.europesays.com\/fr\/12020\/"},"modified":"2025-04-09T07:17:09","modified_gmt":"2025-04-09T07:17:09","slug":"en-direct-droits-de-douane-de-trump-278-a-louverture-pour-le-cac40-les-bourses-europeennes-plongent","status":"publish","type":"post","link":"https:\/\/www.europesays.com\/fr\/12020\/","title":{"rendered":"EN DIRECT &#8211; Droits de douane de Trump : -2,78% \u00e0 l&rsquo;ouverture pour le CAC40, les bourses europ\u00e9ennes plongent"},"content":{"rendered":"<p>Le pr\u00e9sident du Medef, Patrick Martin, a appel\u00e9 mercredi sur RTL le gouvernement \u00e0 \u00ab\u00a0doper l&rsquo;\u00e9conomie\u00a0\u00bb fran\u00e7aise face aux droits de douane am\u00e9ricains, pour \u00e9viter les risques de \u00ab\u00a0r\u00e9cession\u00a0\u00bb et de \u00ab\u00a0d\u00e9flation\u00a0\u00bb, quelques heures avant une r\u00e9union \u00e0 Bercy, \u00e0 16h30, autour du ministre de l&rsquo;\u00c9conomie, \u00c9ric Lombard. \u00ab\u00a0Le risque est que la croissance s&rsquo;enraye et qu&rsquo;on passe en r\u00e9cession, et que l&#8217;emploi en souffre \u00e0 un moment o\u00f9 on a une croissance fran\u00e7aise atone\u00a0\u00bb, a estim\u00e9 le patron du Medef, mettant en avant le fait que \u00ab\u00a0comme les finances publiques sont exsangues, on n&rsquo;a plus de marges de man\u0153uvre pour des dispositifs de soutien\u00a0\u00bb.<\/p>\n<p>Selon lui, il va donc falloir \u00ab\u00a0agir tr\u00e8s rapidement pour gagner en comp\u00e9titivit\u00e9, et \u00e7a peut para\u00eetre paradoxal mais il faut doper la croissance, am\u00e9liorer la performance des entreprises fran\u00e7aises, ne pas trop affecter la consommation, pour qu&rsquo;on sorte par le haut de cette situation sinon on va s&rsquo;enfoncer dans la r\u00e9cession.\u00a0\u00bb<\/p>\n","protected":false},"excerpt":{"rendered":"Le pr\u00e9sident du Medef, Patrick Martin, a appel\u00e9 mercredi sur RTL le gouvernement \u00e0 \u00ab\u00a0doper l&rsquo;\u00e9conomie\u00a0\u00bb fran\u00e7aise face&hellip;\n","protected":false},"author":2,"featured_media":12021,"comment_status":"","ping_status":"","sticky":false,"template":"","format":"standard","meta":{"footnotes":""},"categories":[2],"tags":[1111,11,1921,5035,309,5640,75,73,5641,1011,27,1922,2070,3078,2497,12,626,364,133,5642],"class_list":{"0":"post-12020","1":"post","2":"type-post","3":"status-publish","4":"format-standard","5":"has-post-thumbnail","7":"category-actualites","8":"tag-actu","9":"tag-actualites","10":"tag-article-video","11":"tag-australie","12":"tag-chine","13":"tag-coree-du-sud","14":"tag-donald-trump","15":"tag-etats-unis","16":"tag-finance-et-macro-economie","17":"tag-fr","18":"tag-france","19":"tag-info","20":"tag-japon","21":"tag-la-guerre-commerciale-de-donald-trump-contre-le-reste-du-monde","22":"tag-le-second-mandat-de-donald-trump","23":"tag-news","24":"tag-paris","25":"tag-union-europeenne","26":"tag-video","27":"tag-video-economie"},"share_on_mastodon":{"url":"https:\/\/pubeurope.com\/@fr\/114306786562375064","error":""},"_links":{"self":[{"href":"https:\/\/www.europesays.com\/fr\/wp-json\/wp\/v2\/posts\/12020","targetHints":{"allow":["GET"]}}],"collection":[{"href":"https:\/\/www.europesays.com\/fr\/wp-json\/wp\/v2\/posts"}],"about":[{"href":"https:\/\/www.europesays.com\/fr\/wp-json\/wp\/v2\/types\/post"}],"author":[{"embeddable":true,"href":"https:\/\/www.europesays.com\/fr\/wp-json\/wp\/v2\/users\/2"}],"replies":[{"embeddable":true,"href":"https:\/\/www.europesays.com\/fr\/wp-json\/wp\/v2\/comments?post=12020"}],"version-history":[{"count":0,"href":"https:\/\/www.europesays.com\/fr\/wp-json\/wp\/v2\/posts\/12020\/revisions"}],"wp:featuredmedia":[{"embeddable":true,"href":"https:\/\/www.europesays.com\/fr\/wp-json\/wp\/v2\/media\/12021"}],"wp:attachment":[{"href":"https:\/\/www.europesays.com\/fr\/wp-json\/wp\/v2\/media?parent=12020"}],"wp:term":[{"taxonomy":"category","embeddable":true,"href":"https:\/\/www.europesays.com\/fr\/wp-json\/wp\/v2\/categories?post=12020"},{"taxonomy":"post_tag","embeddable":true,"href":"https:\/\/www.europesays.com\/fr\/wp-json\/wp\/v2\/tags?post=12020"}],"curies":[{"name":"wp","href":"https:\/\/api.w.org\/{rel}","templated":true}]}}