{"id":120202,"date":"2025-05-22T19:33:23","date_gmt":"2025-05-22T19:33:23","guid":{"rendered":"https:\/\/www.europesays.com\/fr\/120202\/"},"modified":"2025-05-22T19:33:23","modified_gmt":"2025-05-22T19:33:23","slug":"elite-2-aaron-wood-me-reveiller-le-lundi-matin-sans-douleur-rugby-a-xiii","status":"publish","type":"post","link":"https:\/\/www.europesays.com\/fr\/120202\/","title":{"rendered":"Elite 2 &#8211; Aaron Wood : \u00ab\u00a0Me r\u00e9veiller le lundi matin sans douleur !\u00a0\u00bb &#8211; Rugby \u00e0 XIII"},"content":{"rendered":"<p style=\"text-align: justify;\"><strong>Aaron Wood, troisi\u00e8me ligne des Loups de Pamiers XIII, fait un retour sur sa carri\u00e8re et \u00e9voque ses envies d\u2019apr\u00e8s rugby.<\/strong><\/p>\n<p style=\"text-align: justify;\"><strong>Aaron, c\u2019est vraiment ta derni\u00e8re saison cette fois-ci ?<\/strong><\/p>\n<p style=\"text-align: justify;\">100\u2009%. J\u2019ai fini, mon corps est trop douloureux pour continuer, ma vitesse a \u00e9galement disparu et la r\u00e9cup\u00e9ration prend trop de temps, c\u2019est un sport pour les jeunes hommes.<\/p>\n<p style=\"text-align: justify;\"><strong>Quel bilan fais-tu de ta saison individuellement et collectivement ?<\/strong><\/p>\n<p style=\"text-align: justify;\">Cette saison individuelle a \u00e9t\u00e9 dure pour moi. J\u2019ai senti l\u2019\u00e2ge et la diff\u00e9rence en Elite 2. C\u2019est un championnat tr\u00e8s complet et de tr\u00e8s bon niveau.<\/p>\n<p style=\"text-align: justify;\">Collectivement, je pense que nous avons eu de tr\u00e8s bons moments et aussi de mauvais. Nous avons manqu\u00e9 de r\u00e9gularit\u00e9 mais cela viendra avec l\u2019exp\u00e9rience en Elite 2. Mais au cours de notre premi\u00e8re ann\u00e9e, nous avons plut\u00f4t bien g\u00e9r\u00e9 le niveau, nous avons eu beaucoup de joueurs qui ont tr\u00e8s bien progress\u00e9. Notre objectif \u00e9tait de nous qualifier et nous l\u2019avons fait, c\u2019est une saison positive,<\/p>\n<p style=\"text-align: justify;\"><strong>Quels sont les entra\u00eeneurs et joueurs qui auront marqu\u00e9 ta carri\u00e8re ?<\/strong><\/p>\n<p style=\"text-align: justify;\">3 entra\u00eeneurs qui contribuent r\u00e9ellement \u00e0 l\u2019am\u00e9lioration et \u00e0 la compr\u00e9hension du rugby \u00e0 XIII :<br \/>Steve Price (U20 St George). Il m\u2019a appris \u00e0 jouer dur et m\u2019a pouss\u00e9, en tant que jeune joueur, \u00e0 m\u2019entra\u00eener dur physiquement et mentalement.<br \/>Craig Culnane (Parramatta r\u00e9serve). C\u2019\u00e9tait la personne qui m\u2019a donn\u00e9 une chance et qui \u00e9tait tr\u00e8s positive et m\u2019a dit de croire en moi et en mes comp\u00e9tences.<br \/>Renaud Guigue (Avignon). Il m\u2019a pouss\u00e9 \u00e0 devenir un leader sur et en dehors du terrain.<\/p>\n<p style=\"text-align: justify;\">Les joueurs :<br \/>Joris Bissi\u00e8re a fait des choses qui m\u2019ont fait bien para\u00eetre.<br \/>Joris Cagnac. C\u2019\u00e9tait un leader et il donnait envie \u00e0 tout le monde de le suivre.<br \/>Les fr\u00e8res Bentley. Un mot pour les d\u00e9crire : machine.<\/p>\n<p style=\"text-align: justify;\"><strong>As-tu des regrets quand tu regardes dans le r\u00e9tro ?<\/strong><\/p>\n<p style=\"text-align: justify;\">Je regrette d\u2019avoir perdu le doubl\u00e9 avec Limoux et la demie avec Avignon en perdant d\u2019un point contre Carcassonne.<\/p>\n<p style=\"text-align: justify;\"><strong>Quels sont tes envies apr\u00e8s le rugby ?<\/strong><\/p>\n<p style=\"text-align: justify;\">Mes envies sont de me r\u00e9veiller le lundi matin sans douleur ! Continuez \u00e9galement dans le rugby \u00e0 XIII, j\u2019aiderai o\u00f9 je peux. J\u2019\u00e9tais un joueur qui a fait de gros efforts, mais une grande partie de mon succ\u00e8s \u00e9tait d\u00fb aux joueurs et aux entra\u00eeneurs qui m\u2019entouraient. J\u2019ai eu beaucoup de chance d\u2019\u00eatre toujours dans une bonne \u00e9quipe.<\/p>\n<p style=\"text-align: justify;\"><strong>Treize Mondial<br \/><a href=\"https:\/\/www.facebook.com\/13Mondial\" target=\"_blank\" rel=\"noopener\"><img loading=\"lazy\" decoding=\"async\" class=\"alignnone wp-image-217097\" src=\"https:\/\/www.europesays.com\/fr\/wp-content\/uploads\/2025\/04\/logo-facebook.png\" alt=\"\" width=\"40\" height=\"40\"  \/><\/a> <a href=\"https:\/\/twitter.com\/XIIIMondial\" target=\"_blank\" rel=\"noopener\"><img loading=\"lazy\" decoding=\"async\" class=\"alignnone wp-image-217098\" src=\"https:\/\/www.europesays.com\/fr\/wp-content\/uploads\/2025\/04\/logo-twitter.png\" alt=\"\" width=\"39\" height=\"39\"  \/><\/a><\/strong><\/p>\n<p>        <script async src=\"https:\/\/platform.twitter.com\/widgets.js\" charset=\"utf-8\"><\/script><\/p>\n","protected":false},"excerpt":{"rendered":"Aaron Wood, troisi\u00e8me ligne des Loups de Pamiers XIII, fait un retour sur sa carri\u00e8re et \u00e9voque ses&hellip;\n","protected":false},"author":2,"featured_media":120203,"comment_status":"","ping_status":"","sticky":false,"template":"","format":"standard","meta":{"footnotes":""},"categories":[1416],"tags":[24155,7944,1011,27,24156,479,2228,1468,2229,60],"class_list":{"0":"post-120202","1":"post","2":"type-post","3":"status-publish","4":"format-standard","5":"has-post-thumbnail","7":"category-rugby","8":"tag-aaron-wood","9":"tag-elite-2","10":"tag-fr","11":"tag-france","12":"tag-pamiers","13":"tag-rugby","14":"tag-rugby-a-xiii","15":"tag-rugby-football","16":"tag-rugby-league","17":"tag-sports"},"share_on_mastodon":{"url":"https:\/\/pubeurope.com\/@fr\/114553160094573618","error":""},"_links":{"self":[{"href":"https:\/\/www.europesays.com\/fr\/wp-json\/wp\/v2\/posts\/120202","targetHints":{"allow":["GET"]}}],"collection":[{"href":"https:\/\/www.europesays.com\/fr\/wp-json\/wp\/v2\/posts"}],"about":[{"href":"https:\/\/www.europesays.com\/fr\/wp-json\/wp\/v2\/types\/post"}],"author":[{"embeddable":true,"href":"https:\/\/www.europesays.com\/fr\/wp-json\/wp\/v2\/users\/2"}],"replies":[{"embeddable":true,"href":"https:\/\/www.europesays.com\/fr\/wp-json\/wp\/v2\/comments?post=120202"}],"version-history":[{"count":0,"href":"https:\/\/www.europesays.com\/fr\/wp-json\/wp\/v2\/posts\/120202\/revisions"}],"wp:featuredmedia":[{"embeddable":true,"href":"https:\/\/www.europesays.com\/fr\/wp-json\/wp\/v2\/media\/120203"}],"wp:attachment":[{"href":"https:\/\/www.europesays.com\/fr\/wp-json\/wp\/v2\/media?parent=120202"}],"wp:term":[{"taxonomy":"category","embeddable":true,"href":"https:\/\/www.europesays.com\/fr\/wp-json\/wp\/v2\/categories?post=120202"},{"taxonomy":"post_tag","embeddable":true,"href":"https:\/\/www.europesays.com\/fr\/wp-json\/wp\/v2\/tags?post=120202"}],"curies":[{"name":"wp","href":"https:\/\/api.w.org\/{rel}","templated":true}]}}