{"id":120204,"date":"2025-05-22T19:34:08","date_gmt":"2025-05-22T19:34:08","guid":{"rendered":"https:\/\/www.europesays.com\/fr\/120204\/"},"modified":"2025-05-22T19:34:08","modified_gmt":"2025-05-22T19:34:08","slug":"atp-andrea-petkovic-sur-sinner-vous-savez-avec-qui-jai-vu-ca-john-mcenroe","status":"publish","type":"post","link":"https:\/\/www.europesays.com\/fr\/120204\/","title":{"rendered":"ATP > Andrea Petkovic sur Sinner : \u00ab\u00a0Vous savez avec qui j&rsquo;ai vu \u00e7a ?\u00a0John\u00a0McEnroe\u00a0\u00bb"},"content":{"rendered":"<p>Observatrice atten\u00adtive du tennis, Andrea Petkovic a remarqu\u00e9 un compor\u00adte\u00adment que Jannik Sinner adopte depuis certains temps. Selon l\u2019an\u00adcienne neuvi\u00e8me joueuse mondiale, le triple cham\u00adpion en Grand Chelem a pris l\u2019ha\u00adbi\u00adtude de regarder en direc\u00adtion de son box d\u2019un aire m\u00e9dus\u00e9, apr\u00e8s une faute directe de son adversaire.\u00a0<\/p>\n<p>Dans le podcast <a href=\"https:\/\/open.spotify.com\/episode\/3WypI7pdCVV11BTbxnr5tF\" data-wpel-link=\"external\" target=\"_blank\" rel=\"nofollow external noopener\">Becker Petkovic<\/a>, elle explique avoir vu cette atti\u00adtude chez une l\u00e9gende du jeu, John McEnroe.<\/p>\n<p><strong>\u00ab\u202fParfois, je vois que l\u2019autre joueur commet une faute directe et que Jannik [Sinner] regarde sa box comme \u00e7a\u00a0: \u00ab\u202fqu\u2019est\u2010ce que c\u2019est\u202f?\u202f\u00bb Vous savez avec qui j\u2019ai vu \u00e7a\u202f? John McEnroe. C\u2019est hila\u00adrant, car lorsque je jouais encore, je m\u2019en\u00adtra\u00ee\u00adnais souvent avec lui \u00e0 l\u2019aca\u00add\u00e9mie lorsque j\u2019\u00e9tais chez moi \u00e0 New York. Il courait partout comme \u00e7a. Il n\u2019y avait que des enfants de huit ans qui ne jouaient pas vrai\u00adment au tennis de mani\u00e8re ambi\u00adtieuse, mais qui \u00e9taient simple\u00adment emmen\u00e9s l\u00e0 par leurs riches parents. Ils restaient l\u00e0 de 15 \u00e0 17 heures. John [McEnroe] frap\u00adpait les balles d\u2019en haut en criant comme un fou\u00a0: \u202f\u00bb Non, comment peux\u2010tu rater \u00e7a\u202f? Typique de John. \u00c0 un moment donn\u00e9, je lui ai dit\u00a0: \u00ab\u202fJohn, c\u2019est un gar\u00e7on de huit ans, il ne veut pas le faire\u202f\u00bb. Il m\u2019a r\u00e9pondu\u00a0: \u00ab\u202fNon, je ne l\u2019ac\u00adcepte pas. Je ne l\u2019ac\u00adcepte pas, tu ne peux pas rater une balle neutre\u202f\u00bb. Je pense que parfois, je vois \u00e7a avec Jannik [Sinner] aussi, il ressemble \u00e0 \u00e7a quand quel\u00adqu\u2019un fait une erreur comme \u00e7a, il se demande ce qui ne va pas avec l\u2019autre joueur\u202f?\u202f\u00bb<\/strong><\/p>\n<p class=\"post-published-date\" style=\"color: silver; font-size: 75%; text-align: left;\">Publi\u00e9 le jeudi 22 mai 2025 \u00e0 19:19<\/p>\n","protected":false},"excerpt":{"rendered":"Observatrice atten\u00adtive du tennis, Andrea Petkovic a remarqu\u00e9 un compor\u00adte\u00adment que Jannik Sinner adopte depuis certains temps. Selon&hellip;\n","protected":false},"author":2,"featured_media":104750,"comment_status":"","ping_status":"","sticky":false,"template":"","format":"standard","meta":{"footnotes":""},"categories":[1415],"tags":[1011,27,2127,60,1467],"class_list":{"0":"post-120204","1":"post","2":"type-post","3":"status-publish","4":"format-standard","5":"has-post-thumbnail","7":"category-tennis","8":"tag-fr","9":"tag-france","10":"tag-sinner","11":"tag-sports","12":"tag-tennis"},"share_on_mastodon":{"url":"https:\/\/pubeurope.com\/@fr\/114553163821742395","error":""},"_links":{"self":[{"href":"https:\/\/www.europesays.com\/fr\/wp-json\/wp\/v2\/posts\/120204","targetHints":{"allow":["GET"]}}],"collection":[{"href":"https:\/\/www.europesays.com\/fr\/wp-json\/wp\/v2\/posts"}],"about":[{"href":"https:\/\/www.europesays.com\/fr\/wp-json\/wp\/v2\/types\/post"}],"author":[{"embeddable":true,"href":"https:\/\/www.europesays.com\/fr\/wp-json\/wp\/v2\/users\/2"}],"replies":[{"embeddable":true,"href":"https:\/\/www.europesays.com\/fr\/wp-json\/wp\/v2\/comments?post=120204"}],"version-history":[{"count":0,"href":"https:\/\/www.europesays.com\/fr\/wp-json\/wp\/v2\/posts\/120204\/revisions"}],"wp:featuredmedia":[{"embeddable":true,"href":"https:\/\/www.europesays.com\/fr\/wp-json\/wp\/v2\/media\/104750"}],"wp:attachment":[{"href":"https:\/\/www.europesays.com\/fr\/wp-json\/wp\/v2\/media?parent=120204"}],"wp:term":[{"taxonomy":"category","embeddable":true,"href":"https:\/\/www.europesays.com\/fr\/wp-json\/wp\/v2\/categories?post=120204"},{"taxonomy":"post_tag","embeddable":true,"href":"https:\/\/www.europesays.com\/fr\/wp-json\/wp\/v2\/tags?post=120204"}],"curies":[{"name":"wp","href":"https:\/\/api.w.org\/{rel}","templated":true}]}}