{"id":120209,"date":"2025-05-22T19:38:09","date_gmt":"2025-05-22T19:38:09","guid":{"rendered":"https:\/\/www.europesays.com\/fr\/120209\/"},"modified":"2025-05-22T19:38:09","modified_gmt":"2025-05-22T19:38:09","slug":"a-domicile-le-team-bricquebec-cotentin-a-le-sourire-grace-a-james-hartley-actualite","status":"publish","type":"post","link":"https:\/\/www.europesays.com\/fr\/120209\/","title":{"rendered":"\u00c0 domicile, le Team Bricquebec Cotentin a le sourire gr\u00e2ce \u00e0 James Hartley &#8211; Actualit\u00e9"},"content":{"rendered":"<p style=\"text-align: justify;\">Le Team Bricquebec Cotentin impose son empreinte \u00e0 domicile d\u00e8s la premi\u00e8re \u00e9tape du Tour de la Manche. James Hartley s\u2019est impos\u00e9 ce jeudi \u00e0 Isigny-le-Buat (<strong><a href=\"https:\/\/www.directvelo.com\/actualite\/120809\/tour-de-la-manche-et-1-classements\" target=\"_blank\" rel=\"noopener\">voir classements<\/a><\/strong>). \u201cC\u2019est tr\u00e8s agr\u00e9able. Je suis content d\u2019enfin obtenir une victoire cette saison\u201c, se r\u00e9jouit au micro de DirectVelo le Britannique. Son directeur sportif, Antoine Lecarpentier, ne boude pas non plus son plaisir. \u201cOn ne peut qu\u2019avoir le sourire apr\u00e8s cette belle victoire. C\u2019est top, ce n\u2019est que du bonheur. La course est d\u00e9j\u00e0 r\u00e9ussie pour nous. On a un peu de chauvinisme, on adore performer sur les courses locales. On avait d\u00e9j\u00e0 mis la balle au fond sur la Gainsbarre. On continue sur notre belle dynamique. Le week-end est bien lanc\u00e9\u00a0\u00bb.<\/p>\n<p>Le coureur de 21 ans\u00a0\u00e9tait justement la carte ma\u00eetresse de la formation normande lors de cette journ\u00e9e. \u201cOn avait mis\u00e9 sur James, le plan \u00e9tait qu\u2019il arrive pour la gagne dans un petit groupe. L\u2019id\u00e9al aurait \u00e9t\u00e9 qu\u2019il soit accompagn\u00e9 d\u2019un autre coureur de l\u2019\u00e9quipe, mais malheureusement, \u00e7a n\u2019\u00e9tait pas le cas\u201c. Il a malgr\u00e9 tout r\u00e9ussi \u00e0 tirer son \u00e9pingle du jeu en solo. \u201cIl fallait que je tienne les roues et que je reste dans l\u2019\u00e9chapp\u00e9e. Pour le sprint, je devais passer le dernier virage en t\u00eate afin de m\u2019imposer, ce que j\u2019ai r\u00e9ussi \u00e0 faire\u201c.<\/p>\n<p><strong>UNE ARRIV\u00c9E TARDIVE EN FRANCE<\/strong><\/p>\n<p>James Hartley a d\u00fb ronger son frein avant de d\u00e9barquer en France, courant avril. \u201cJ\u2019ai eu des probl\u00e8mes pour obtenir mon visa, j\u2019ai d\u00fb attendre\u2026 Mais finalement, \u00e7a me permet d\u2019avoir de la fra\u00eecheur maintenant !\u201c. Et pour cause, il s\u2019agit de son cinqui\u00e8me Top 10 en un mois (<strong><a href=\"https:\/\/www.directvelo.com\/coureur\/47000\/james-hartley\" target=\"_blank\" rel=\"noopener\">voir sa fiche DirecVelo<\/a><\/strong>). \u201c\u00c7a r\u00e9compense tout le travail effectu\u00e9 et les r\u00e9sultats qu&rsquo;il a depuis un mois\u201c, se f\u00e9licite son directeur sportif. Le 2e d\u2019une \u00e9tape de l\u2019Estivale Bretonne, l\u2019an pass\u00e9 sous les couleurs de Cycling Sheffield, se pla\u00eet dans l\u2019Hexagone. \u201cBricquebec m\u2019a offert cette opportunit\u00e9. Ils me soutiennent et m\u2019ont trouv\u00e9 un toit. Je ne pouvais pas dire non, je voulais courir en France\u201c.<\/p>\n<p>Ce vendredi, deux \u00e9tapes seront au programme. Le matin, il y aura un contre-la-montre. \u201cJe n\u2019ai pas beaucoup pass\u00e9 de temps sur mon v\u00e9lo de chrono, donc je ne pense pas que je garderai le maillot jaune\u201c, estime le Britannique. Mais Antoine Lecarpentier se veut plus optimiste. \u201cJames est tr\u00e8s fort \u00e0 l\u2019heure actuelle. Ce n&rsquo;est pas un sp\u00e9cialiste de cet exercice. Mais un maillot jaune, \u00e7a transcende aussi. En tout cas, il donnera le maximum\u201c. L\u2019apr\u00e8s-midi, le circuit final autour de Barneville-Carteret sera cors\u00e9. \u201cAvec les cinq mont\u00e9es du Cap, c\u2019est hyper difficile, ce sera pour hommes forts. On ne pourra pas se cacher et on y verra plus clair demain soir\u201c, poursuit-il. De son c\u00f4t\u00e9, James Hartley garde son flegme britannique. \u201cJe veux juste profiter de la course, m\u00eame si je voudrais essayer de m\u2019imposer de nouveau. Tout ce qui est dur me convient, mais pas non plus avec trop de mont\u00e9es\u00a0\u00bb.<\/p>\n","protected":false},"excerpt":{"rendered":"Le Team Bricquebec Cotentin impose son empreinte \u00e0 domicile d\u00e8s la premi\u00e8re \u00e9tape du Tour de la Manche.&hellip;\n","protected":false},"author":2,"featured_media":120210,"comment_status":"","ping_status":"","sticky":false,"template":"","format":"standard","meta":{"footnotes":""},"categories":[1411],"tags":[834,828,836,829,837,827,83,826,824,823,1154,207,814,817,815,816,822,821,832,211,839,1011,27,820,818,819,835,831,830,833,838,60,212,208,825],"class_list":{"0":"post-120209","1":"post","2":"type-post","3":"status-publish","4":"format-standard","5":"has-post-thumbnail","7":"category-cyclisme","8":"tag-attaque","9":"tag-belgique","10":"tag-braquet","11":"tag-bretagne","12":"tag-chute","13":"tag-competition","14":"tag-coupe-de-france","15":"tag-coureur","16":"tag-course-cyclisme","17":"tag-course-cycliste","18":"tag-cycling","19":"tag-cyclisme","20":"tag-direct","21":"tag-direct-velo","22":"tag-directvelo","23":"tag-directvelo-com","24":"tag-epreuve","25":"tag-epreuve-cycliste","26":"tag-federation-francaise-de-cyclisme","27":"tag-ffc","28":"tag-flandres","29":"tag-fr","30":"tag-france","31":"tag-live","32":"tag-live-course","33":"tag-live-epreuve","34":"tag-peloton","35":"tag-radio-peloton","36":"tag-radio-tour","37":"tag-ravitaillement","38":"tag-relance","39":"tag-sports","40":"tag-uci","41":"tag-velo","42":"tag-velos"},"share_on_mastodon":{"url":"https:\/\/pubeurope.com\/@fr\/114553179724334087","error":""},"_links":{"self":[{"href":"https:\/\/www.europesays.com\/fr\/wp-json\/wp\/v2\/posts\/120209","targetHints":{"allow":["GET"]}}],"collection":[{"href":"https:\/\/www.europesays.com\/fr\/wp-json\/wp\/v2\/posts"}],"about":[{"href":"https:\/\/www.europesays.com\/fr\/wp-json\/wp\/v2\/types\/post"}],"author":[{"embeddable":true,"href":"https:\/\/www.europesays.com\/fr\/wp-json\/wp\/v2\/users\/2"}],"replies":[{"embeddable":true,"href":"https:\/\/www.europesays.com\/fr\/wp-json\/wp\/v2\/comments?post=120209"}],"version-history":[{"count":0,"href":"https:\/\/www.europesays.com\/fr\/wp-json\/wp\/v2\/posts\/120209\/revisions"}],"wp:featuredmedia":[{"embeddable":true,"href":"https:\/\/www.europesays.com\/fr\/wp-json\/wp\/v2\/media\/120210"}],"wp:attachment":[{"href":"https:\/\/www.europesays.com\/fr\/wp-json\/wp\/v2\/media?parent=120209"}],"wp:term":[{"taxonomy":"category","embeddable":true,"href":"https:\/\/www.europesays.com\/fr\/wp-json\/wp\/v2\/categories?post=120209"},{"taxonomy":"post_tag","embeddable":true,"href":"https:\/\/www.europesays.com\/fr\/wp-json\/wp\/v2\/tags?post=120209"}],"curies":[{"name":"wp","href":"https:\/\/api.w.org\/{rel}","templated":true}]}}