{"id":120217,"date":"2025-05-22T19:42:20","date_gmt":"2025-05-22T19:42:20","guid":{"rendered":"https:\/\/www.europesays.com\/fr\/120217\/"},"modified":"2025-05-22T19:42:20","modified_gmt":"2025-05-22T19:42:20","slug":"colmar-festival-du-livre-au-bonheur-des-mots","status":"publish","type":"post","link":"https:\/\/www.europesays.com\/fr\/120217\/","title":{"rendered":"Colmar. Festival du livre\u00a0: au bonheur des mots"},"content":{"rendered":"<p>Les 22 et 23\u00a0novembre 2025\u00a0: une date \u00e0 inscrire dans son agenda, puisque c\u2019est ce week-end-l\u00e0 qu\u2019aura lieu la prochaine \u00e9dition du Festival du livre de Colmar. Rendez-vous familial incontournable et attendu des Colmariens, il sera plac\u00e9 cette ann\u00e9e sous le th\u00e8me\u00a0: \u00ab\u00a0Au bonheur des mots\u00a0\u00bb, comme une invitation au plaisir de la lecture.<\/p>\n<p>Pour cette 36e \u00e9dition, la conception de l\u2019affiche a \u00e9t\u00e9 confi\u00e9e \u00e0 Elise Calame et Steve Seiler, fondateurs de la micro\u00e9dition Affiche Moilkan. Pr\u00e9sents depuis plus de dix ans dans l\u2019espace d\u00e9di\u00e9 \u00e0 la micro-\u00e9dition (Hall 2), ces figures bien connues du Festival d\u00e9ploieront leur univers graphique singulier autour du mot et de sa forme, parfaitement en phase avec la ligne du th\u00e8me 2025.<\/p>\n","protected":false},"excerpt":{"rendered":"Les 22 et 23\u00a0novembre 2025\u00a0: une date \u00e0 inscrire dans son agenda, puisque c\u2019est ce week-end-l\u00e0 qu\u2019aura lieu&hellip;\n","protected":false},"author":2,"featured_media":120218,"comment_status":"","ping_status":"","sticky":false,"template":"","format":"standard","meta":{"footnotes":""},"categories":[1357],"tags":[1379,5065,1687,58,2413,59,1011,27,1380,2410,14851],"class_list":{"0":"post-120217","1":"post","2":"type-post","3":"status-publish","4":"format-standard","5":"has-post-thumbnail","7":"category-livres","8":"tag-books","9":"tag-colmar","10":"tag-culture-loisirs","11":"tag-divertissement","12":"tag-edition-colmar-guebwiller","13":"tag-entertainment","14":"tag-fr","15":"tag-france","16":"tag-livres","17":"tag-livres-bd","18":"tag-secteur-de-colmar"},"share_on_mastodon":{"url":"https:\/\/pubeurope.com\/@fr\/114553195312530865","error":""},"_links":{"self":[{"href":"https:\/\/www.europesays.com\/fr\/wp-json\/wp\/v2\/posts\/120217","targetHints":{"allow":["GET"]}}],"collection":[{"href":"https:\/\/www.europesays.com\/fr\/wp-json\/wp\/v2\/posts"}],"about":[{"href":"https:\/\/www.europesays.com\/fr\/wp-json\/wp\/v2\/types\/post"}],"author":[{"embeddable":true,"href":"https:\/\/www.europesays.com\/fr\/wp-json\/wp\/v2\/users\/2"}],"replies":[{"embeddable":true,"href":"https:\/\/www.europesays.com\/fr\/wp-json\/wp\/v2\/comments?post=120217"}],"version-history":[{"count":0,"href":"https:\/\/www.europesays.com\/fr\/wp-json\/wp\/v2\/posts\/120217\/revisions"}],"wp:featuredmedia":[{"embeddable":true,"href":"https:\/\/www.europesays.com\/fr\/wp-json\/wp\/v2\/media\/120218"}],"wp:attachment":[{"href":"https:\/\/www.europesays.com\/fr\/wp-json\/wp\/v2\/media?parent=120217"}],"wp:term":[{"taxonomy":"category","embeddable":true,"href":"https:\/\/www.europesays.com\/fr\/wp-json\/wp\/v2\/categories?post=120217"},{"taxonomy":"post_tag","embeddable":true,"href":"https:\/\/www.europesays.com\/fr\/wp-json\/wp\/v2\/tags?post=120217"}],"curies":[{"name":"wp","href":"https:\/\/api.w.org\/{rel}","templated":true}]}}