{"id":120219,"date":"2025-05-22T19:43:11","date_gmt":"2025-05-22T19:43:11","guid":{"rendered":"https:\/\/www.europesays.com\/fr\/120219\/"},"modified":"2025-05-22T19:43:11","modified_gmt":"2025-05-22T19:43:11","slug":"dna-du-23-mai-2025-en-avance-julien-chauvet-va-t-il-dire-la-verite","status":"publish","type":"post","link":"https:\/\/www.europesays.com\/fr\/120219\/","title":{"rendered":"DNA du 23 mai 2025 en avance &#8211; Julien Chauvet va-t-il dire la v\u00e9rit\u00e9 ?"},"content":{"rendered":"<p id=\"descriptionPanel\" aria-labelledby=\"descriptionArrow\" aria-expanded=\"false\" class=\"mr-2 line-clamp-2 pr-2.5 text-secondary overflow-visible\">La police a enfin retrouv\u00e9 la trace de Julien Chauvet, leur principal suspect dans l&rsquo;affaire des enl\u00e8vements de Charles et Damien Julliard. Micha\u00ebl Feray et Karim Saeed m\u00e8nent son interrogatoire au poste. Malheureusement pour eux, Chauvet clame son innocence ! S&rsquo;il dit vrai, alors le v\u00e9ritable coupable est toujours dans la nature. La vie des fr\u00e8res Julliard est plus que jamais menac\u00e9e&#8230; Premi\u00e8res minutes de l&rsquo;\u00e9pisode 1950 du 23 mai 2025 en avance. Retrouvez \u00ab\u00a0Demain nous appartient\u00a0\u00bb, du lundi au vendredi \u00e0 19h10 sur TF1.<\/p>\n<p><a class=\"shrink-0\" href=\"https:\/\/www.tf1.fr\/tf1\/demain-nous-appartient\" target=\"_blank\" rel=\"noopener\"><img decoding=\"async\" src=\"https:\/\/www.europesays.com\/fr\/wp-content\/uploads\/2025\/04\/program-card-portrait-1-3fdcb3-52f59d-0@1x.jpg\" width=\"138\" height=\"184\" alt=\"\" loading=\"eager\" fetchpriority=\"auto\" class=\"aspect-[3\/4] h-24 w-auto rounded-3px\" aria-hidden=\"true\"\/><\/a><\/p>\n","protected":false},"excerpt":{"rendered":"La police a enfin retrouv\u00e9 la trace de Julien Chauvet, leur principal suspect dans l&rsquo;affaire des enl\u00e8vements de&hellip;\n","protected":false},"author":2,"featured_media":120220,"comment_status":"","ping_status":"","sticky":false,"template":"","format":"standard","meta":{"footnotes":""},"categories":[1356],"tags":[3598,4648,58,59,3483,4647,1011,27,4092,252,1364,4091,4093],"class_list":{"0":"post-120219","1":"post","2":"type-post","3":"status-publish","4":"format-standard","5":"has-post-thumbnail","7":"category-television","8":"tag-demain-nous-appartient","9":"tag-demain-nous-appartient-extrait","10":"tag-divertissement","11":"tag-entertainment","12":"tag-extrait","13":"tag-extrait-demain-nous-appartient","14":"tag-fr","15":"tag-france","16":"tag-streaming-demain-nous-appartient","17":"tag-television","18":"tag-tv","19":"tag-video-demain-nous-appartient","20":"tag-video-en-streaming-demain-nous-appartient"},"share_on_mastodon":{"url":"https:\/\/pubeurope.com\/@fr\/114553199276224227","error":""},"_links":{"self":[{"href":"https:\/\/www.europesays.com\/fr\/wp-json\/wp\/v2\/posts\/120219","targetHints":{"allow":["GET"]}}],"collection":[{"href":"https:\/\/www.europesays.com\/fr\/wp-json\/wp\/v2\/posts"}],"about":[{"href":"https:\/\/www.europesays.com\/fr\/wp-json\/wp\/v2\/types\/post"}],"author":[{"embeddable":true,"href":"https:\/\/www.europesays.com\/fr\/wp-json\/wp\/v2\/users\/2"}],"replies":[{"embeddable":true,"href":"https:\/\/www.europesays.com\/fr\/wp-json\/wp\/v2\/comments?post=120219"}],"version-history":[{"count":0,"href":"https:\/\/www.europesays.com\/fr\/wp-json\/wp\/v2\/posts\/120219\/revisions"}],"wp:featuredmedia":[{"embeddable":true,"href":"https:\/\/www.europesays.com\/fr\/wp-json\/wp\/v2\/media\/120220"}],"wp:attachment":[{"href":"https:\/\/www.europesays.com\/fr\/wp-json\/wp\/v2\/media?parent=120219"}],"wp:term":[{"taxonomy":"category","embeddable":true,"href":"https:\/\/www.europesays.com\/fr\/wp-json\/wp\/v2\/categories?post=120219"},{"taxonomy":"post_tag","embeddable":true,"href":"https:\/\/www.europesays.com\/fr\/wp-json\/wp\/v2\/tags?post=120219"}],"curies":[{"name":"wp","href":"https:\/\/api.w.org\/{rel}","templated":true}]}}