{"id":120221,"date":"2025-05-22T19:44:10","date_gmt":"2025-05-22T19:44:10","guid":{"rendered":"https:\/\/www.europesays.com\/fr\/120221\/"},"modified":"2025-05-22T19:44:10","modified_gmt":"2025-05-22T19:44:10","slug":"les-rappeurs-nord-irlandais-kneecap-nient-tout-soutien-au-hezbollah-apres-linculpation-dun-membre-actualites","status":"publish","type":"post","link":"https:\/\/www.europesays.com\/fr\/120221\/","title":{"rendered":"Les rappeurs nord-irlandais Kneecap nient tout soutien au Hezbollah apr\u00e8s l&rsquo;inculpation d&rsquo;un membre : Actualit\u00e9s"},"content":{"rendered":"<p class=\"lead \">Le groupe de rap nord-irlandais Kneecap a d\u00e9menti tout soutien au mouvement islamiste libanais pro-iranien Hezbollah au lendemain de l&rsquo;inculpation d&rsquo;un des membres du trio pour \u00ab\u00a0infraction terroriste\u00a0\u00bb, apr\u00e8s avoir brandi un drapeau de cette organisation lors d&rsquo;un concert \u00e0 Londres.<\/p>\n<p class=\"lead \">\u00ab\u00a0Nous nions cette infraction et nous nous d\u00e9fendrons avec v\u00e9h\u00e9mence\u00a0\u00bb, a \u00e9crit le groupe dans un communiqu\u00e9, avant d&rsquo;annoncer sur ses r\u00e9seaux sociaux un concert surprise jeudi soir au 100 Club \u00e0 Londres.<\/p>\n<p class=\"lead \">La police londonienne a annonc\u00e9 mercredi soir avoir inculp\u00e9 Liam O&rsquo;Hanna, dont le nom de sc\u00e8ne est Mo Chara au sein de Kneecap, pour avoir brandi un drapeau du Hezbollah lors d&rsquo;un concert \u00e0 Londres en novembre. Il doit compara\u00eetre le 18 juin devant un tribunal de Londres.<\/p>\n<p class=\"lead \">Le Hezbollah est consid\u00e9r\u00e9 comme un groupe terroriste au Royaume-Uni.<\/p>\n<p class=\"lead \">\u00ab\u00a014.000 b\u00e9b\u00e9s sont sur le point de mourir de faim \u00e0 Gaza (&#8230;) et encore une fois, l&rsquo;establishment britannique se concentre sur nous\u00a0\u00bb, a d\u00e9nonc\u00e9 le groupe, fustigeant une \u00ab\u00a0police politique\u00a0\u00bb. <\/p>\n<p class=\"lead \">Les rappeurs doivent aussi se produire vendredi soir lors du festival \u00ab\u00a0Wide Awake\u00a0\u00bb dans un parc du sud de Londres.<\/p>\n<p class=\"lead \">Kneecap, trio originaire de Belfast connu pour ses positions propalestiniennes, est sous le feu des critiques depuis qu&rsquo;il a accus\u00e9 Isra\u00ebl de \u00ab\u00a0g\u00e9nocide contre le peuple palestinien\u00a0\u00bb \u00e0 Gaza, sur la sc\u00e8ne du festival californien de Coachella en avril.<\/p>\n<p class=\"lead \">Depuis, des vid\u00e9os de plusieurs de leurs concerts sont ressorties sur les r\u00e9seaux sociaux, montrant par exemple un des membres du groupe semblant crier \u00ab\u00a0Allez le Hamas!, Allez le Hezbollah!\u00a0\u00bb<\/p>\n<p class=\"lead \">D\u00e9but mai, la police antiterroriste a annonc\u00e9 qu&rsquo;elle enqu\u00eatait sur plusieurs vid\u00e9os.<\/p>\n<p class=\"lead \">Les rappeurs avaient d\u00e9j\u00e0 assur\u00e9 \u00ab\u00a0ne pas soutenir et n&rsquo;avoir jamais soutenu le Hamas ou le Hezbollah\u00a0\u00bb. \u00ab\u00a0Nous condamnons toutes les attaques contre les civils, toujours\u00a0\u00bb, ont-ils indiqu\u00e9 sur les r\u00e9seaux sociaux.<\/p>\n<p class=\"lead \">Ces derni\u00e8res semaines, le groupe a \u00e9t\u00e9 \u00e9cart\u00e9 d&rsquo;un festival en Cornouailles (sud de l&rsquo;Angleterre) et a vu plusieurs de ses concerts pr\u00e9vus en Allemagne en septembre annul\u00e9s.<\/p>\n<p class=\"small font-weight-bold text-gray3 \"> publi\u00e9 le 22 mai \u00e0 20h34, AFP<\/p>\n<p>                             Partager<\/p>\n","protected":false},"excerpt":{"rendered":"Le groupe de rap nord-irlandais Kneecap a d\u00e9menti tout soutien au mouvement islamiste libanais pro-iranien Hezbollah au lendemain&hellip;\n","protected":false},"author":2,"featured_media":120222,"comment_status":"","ping_status":"","sticky":false,"template":"","format":"standard","meta":{"footnotes":""},"categories":[1355],"tags":[2120,312,58,59,1011,27,6228,2088,1361,873,1072],"class_list":{"0":"post-120221","1":"post","2":"type-post","3":"status-publish","4":"format-standard","5":"has-post-thumbnail","7":"category-musique","8":"tag-conflit","9":"tag-diplomatie","10":"tag-divertissement","11":"tag-entertainment","12":"tag-fr","13":"tag-france","14":"tag-gb","15":"tag-manifestation","16":"tag-music","17":"tag-musique","18":"tag-police"},"share_on_mastodon":{"url":"https:\/\/pubeurope.com\/@fr\/114553203522805807","error":""},"_links":{"self":[{"href":"https:\/\/www.europesays.com\/fr\/wp-json\/wp\/v2\/posts\/120221","targetHints":{"allow":["GET"]}}],"collection":[{"href":"https:\/\/www.europesays.com\/fr\/wp-json\/wp\/v2\/posts"}],"about":[{"href":"https:\/\/www.europesays.com\/fr\/wp-json\/wp\/v2\/types\/post"}],"author":[{"embeddable":true,"href":"https:\/\/www.europesays.com\/fr\/wp-json\/wp\/v2\/users\/2"}],"replies":[{"embeddable":true,"href":"https:\/\/www.europesays.com\/fr\/wp-json\/wp\/v2\/comments?post=120221"}],"version-history":[{"count":0,"href":"https:\/\/www.europesays.com\/fr\/wp-json\/wp\/v2\/posts\/120221\/revisions"}],"wp:featuredmedia":[{"embeddable":true,"href":"https:\/\/www.europesays.com\/fr\/wp-json\/wp\/v2\/media\/120222"}],"wp:attachment":[{"href":"https:\/\/www.europesays.com\/fr\/wp-json\/wp\/v2\/media?parent=120221"}],"wp:term":[{"taxonomy":"category","embeddable":true,"href":"https:\/\/www.europesays.com\/fr\/wp-json\/wp\/v2\/categories?post=120221"},{"taxonomy":"post_tag","embeddable":true,"href":"https:\/\/www.europesays.com\/fr\/wp-json\/wp\/v2\/tags?post=120221"}],"curies":[{"name":"wp","href":"https:\/\/api.w.org\/{rel}","templated":true}]}}