{"id":120225,"date":"2025-05-22T19:46:15","date_gmt":"2025-05-22T19:46:15","guid":{"rendered":"https:\/\/www.europesays.com\/fr\/120225\/"},"modified":"2025-05-22T19:46:15","modified_gmt":"2025-05-22T19:46:15","slug":"aussi-dangereux-quen-aout-combien-de-minutes-avant-un-premier-coup-de-soleil","status":"publish","type":"post","link":"https:\/\/www.europesays.com\/fr\/120225\/","title":{"rendered":"aussi dangereux qu&rsquo;en ao\u00fbt ? Combien de minutes avant un premier coup de soleil ?"},"content":{"rendered":"<p> <img decoding=\"async\" fetchpriority=\"high\" src=\"https:\/\/www.europesays.com\/fr\/wp-content\/uploads\/2025\/05\/dailymotion-x9jyd9q_1024.jpg\"  width=\"768\" height=\"432\" id=\"x9jyd9q\"\/>  <\/p>\n<p>Le temps souvent ensoleill\u00e9 de ce printemps au Nord favorise les activit\u00e9s en ext\u00e9rieur : mais gare aux rayons UV ! En mai, le soleil tape aussi fort qu&rsquo;en ao\u00fbt ! En combien de temps pouvez-vous attraper un coup de soleil ?<\/p>\n<p>    <img decoding=\"async\" fetchpriority=\"high\" src=\"https:\/\/www.europesays.com\/fr\/wp-content\/uploads\/2025\/04\/anthony-kaczmarek.jpg\" alt=\"Anthony Kaczmarek\" width=\"40\" height=\"40\"\/>    <a class=\"nombre text-hv\" href=\"https:\/\/www.tameteo.com\/auteur\/anthony-kaczmarek\/\" title=\"Anthony Kaczmarek\" rel=\"nofollow noopener\" target=\"_blank\">Anthony Kaczmarek<\/a>         22\/05\/2025 12:28   5 min   <\/p>\n<p>Apr\u00e8s un mercredi souvent pluvieux sur une bonne moiti\u00e9 Nord de la France, <strong>le soleil a d\u00e9j\u00e0 fait son grand retour ce jeudi matin par le Nord-Ouest<\/strong>. Pr\u00e8s de la M\u00e9diterran\u00e9e, c&rsquo;est d\u00e9j\u00e0 le cas depuis hier, gr\u00e2ce au retour du vent, apr\u00e8s des orages diluviens mardi. Dans les autres r\u00e9gions, ce jeudi est marqu\u00e9 par des nuages et des averses, au passage de la perturbation ayant arros\u00e9 le Nord hier.<\/p>\n<blockquote class=\"twitter-tweet\">\n<p lang=\"fr\" dir=\"ltr\">\ufe0f Cancer de la peau : les gestes \u00e0 adopter toute l&rsquo;ann\u00e9e<br \/>Quelques rappels concernant votre exposition au soleil pendant vos vacances. Les rayons UV sont dangereux pour votre peau, pensez \u00e0 vous prot\u00e9ger et \u00e0 respecter le temps d&rsquo;exposition <a href=\"https:\/\/t.co\/z8wzcQxFEQ\" rel=\"nofollow\">pic.twitter.com\/z8wzcQxFEQ<\/a><\/p>\n<p>\u2014 CHRU de Nancy (@CHRU_de_Nancy) <a href=\"https:\/\/twitter.com\/CHRU_de_Nancy\/status\/1679401526358601728?ref_src=twsrc%5Etfw\" rel=\"nofollow noopener\" target=\"_blank\">July 13, 2023<\/a><\/p><\/blockquote>\n<p>Ce <strong>soleil<\/strong>, vous en avez sans doute bien profit\u00e9 au cours de ce printemps, surtout si vous habitez <strong>la moiti\u00e9 Nord, qui conna\u00eet un important exc\u00e9dent d&rsquo;ensoleillement<\/strong>. Et vous l&rsquo;avez peut-\u00eatre subi ou v\u00e9cu si vous prenez des d\u00e9jeuners en terrasse, ou si vous vous baladez en ext\u00e9rieur sans protection : <strong>le soleil, en mai, \u00e7a br\u00fble ! Comment expliquer ces coups de soleil printaniers ?<\/strong><\/p>\n<p>Des rayons UV aussi dangereux qu&rsquo;en \u00e9t\u00e9 !<\/p>\n<p>Ces <strong>br\u00fblures surprises du printemps<\/strong> ne doivent pourtant pas vous \u00e9tonner, elles sont tout \u00e0 fait normales si vous sortez sans protection. Sachez tout d&rsquo;abord que <strong>le soleil est au maximum de sa puissance le 21 juin<\/strong>, lors du solstice d&rsquo;\u00e9t\u00e9 : <strong>c&rsquo;est l\u00e0 que ses rayons UV sont les plus forts, les plus dangereux<\/strong>, les moins rasants, donc les plus impactants pour notre peau.<\/p>\n<p>Les individus aux peaux les plus fragiles peuvent en ce moment attraper un premier coup de soleil en moins de 25 minutes, en cas d&rsquo;exposition entre 12h et 16h, lorsque les rayons UV sont les plus forts !<\/p>\n<p>Si l&rsquo;on suit un rayonnement logique, <strong>cela signifie qu&rsquo;un mois avant ou un mois apr\u00e8s, les rayons UV ont la m\u00eame puissance<\/strong>. R\u00e9sultat : <strong>en mai, le soleil nous envoie globalement le m\u00eame rayonnement qu&rsquo;entre le 14 juillet et le 15 ao\u00fbt, autrement dit qu&rsquo;en plein \u00e9t\u00e9 !<\/strong> Ses rayons sont aussi dangereux, et avec des temp\u00e9ratures plus basses, on s&rsquo;en rend moins compte et on se fait pi\u00e9ger\u2026<\/p>\n<blockquote class=\"twitter-tweet\">\n<p lang=\"fr\" dir=\"ltr\">M\u00e9t\u00e9o: chaleur, soleil&#8230;Comment prot\u00e9ger sa peau des rayons UV <a href=\"https:\/\/t.co\/ONmvASkjo0\" rel=\"nofollow\">pic.twitter.com\/ONmvASkjo0<\/a><\/p>\n<p>\u2014 BFMTV (@BFMTV) <a href=\"https:\/\/twitter.com\/BFMTV\/status\/1917549933642600680?ref_src=twsrc%5Etfw\" rel=\"nofollow noopener\" target=\"_blank\">April 30, 2025<\/a><\/p><\/blockquote>\n<p>Par ailleurs, <strong>nos peaux \u00e0 cette \u00e9poque de l&rsquo;ann\u00e9e sont plus sensibles<\/strong> car elles n&rsquo;ont pas \u00e9t\u00e9 expos\u00e9es au soleil pendant plusieurs mois. Le raisonnement est le m\u00eame pour toutes les autres p\u00e9riodes de l&rsquo;ann\u00e9e : <strong>un soleil du 21 ao\u00fbt \u00e9quivaut \u00e0 un soleil du 21 avril<\/strong>, un soleil du 21 septembre \u00e0 un soleil du 21 mars, etc. <\/p>\n<p><img loading=\"lazy\" decoding=\"async\" fetchpriority=\"low\" class=\"lazy \" src=\"https:\/\/www.europesays.com\/fr\/wp-content\/uploads\/2025\/05\/rayons-uv-en-mai-aussi-dangereux-qu-en-aout-combien-de-minutes-avant-un-premier-coup-de-soleil-peaux.png\"  width=\"768\" height=\"432\" alt=\"Indice UV vendredi apr\u00e8s-midi\" title=\"Indice UV vendredi apr\u00e8s-midi\" data-image=\"5kpdlo6mxxub\"\/>Ce vendredi apr\u00e8s-midi, dans les r\u00e9gions ensoleill\u00e9es, l&rsquo;indice UV atteindra souvent 5 ou 6 aux alentours de 14h.<\/p>\n<p>G\u00e9n\u00e9ralement, <strong>ces jours-ci, l&rsquo;indice UV \u00e9volue entre 5 et 6 sur la France lorsque le temps est ensoleill\u00e9<\/strong>, il est donc consid\u00e9r\u00e9 comme \u00e9lev\u00e9, et <strong>il monte parfois jusqu&rsquo;\u00e0 7 pr\u00e8s de la M\u00e9diterran\u00e9e, voire 8 en altitude dans les Alpes et les Pyr\u00e9n\u00e9es<\/strong>, o\u00f9 il est donc tr\u00e8s \u00e9lev\u00e9. L&rsquo;\u00e9t\u00e9, notamment fin juin ou d\u00e9but juillet, il arrive que cet indice atteigne 10 ou 11, on parle alors d&rsquo;indice extr\u00eame.<\/p>\n<p><a class=\"imagen \" href=\"https:\/\/www.tameteo.com\/actualites\/previsions\/chutes-des-temperatures-les-thermometres-pourront-s-approcher-localement-des-0-c-decouvrez-les-previsions-meteo-risque-intemperies.html\" title=\"Chutes des temp\u00e9ratures : un coup de froid attendu en France ? D\u00e9couvrez ce que montrent nos cartes et pr\u00e9visions\" rel=\"nofollow noopener\" target=\"_blank\"><img loading=\"lazy\" decoding=\"async\" fetchpriority=\"low\" class=\"lazy img-body non-editable\" src=\"https:\/\/www.europesays.com\/fr\/wp-content\/uploads\/2025\/05\/chutes-des-temperatures-les-thermometres-pourront-s-approcher-localement-des-0-c-decouvrez-les-previ.png\"  width=\"320\" height=\"225\" alt=\"Chutes des temp\u00e9ratures : un coup de froid attendu en France ? D\u00e9couvrez ce que montrent nos cartes et pr\u00e9visions\"\/><\/a><\/p>\n<p>Pour le moment, avec un indice UV \u00e9voluant entre 5 et 8, <strong>un coup de soleil peut s&rsquo;attraper en 40 \u00e0 50 minutes, et m\u00eame en 20 \u00e0 25 minutes seulement pour les peaux les plus fragiles<\/strong>. Nous vous conseillons d&rsquo;\u00e9viter l&rsquo;exposition au soleil entre 12h et 16h, et de porter \u00e0 l&rsquo;ext\u00e9rieur un chapeau ou une casquette, des lunettes de soleil, et de mettre de la cr\u00e8me solaire toutes les 2h sur la peau expos\u00e9e.<\/p>\n<p> <script async src=\"https:\/\/platform.twitter.com\/widgets.js\" charset=\"utf-8\"><\/script><\/p>\n","protected":false},"excerpt":{"rendered":"Le temps souvent ensoleill\u00e9 de ce printemps au Nord favorise les activit\u00e9s en ext\u00e9rieur : mais gare aux&hellip;\n","protected":false},"author":2,"featured_media":120226,"comment_status":"","ping_status":"","sticky":false,"template":"","format":"standard","meta":{"footnotes":""},"categories":[10],"tags":[24160,2863,24164,24163,24159,17226,2883,1011,27,72,24166,2565,1252,15115,24162,1308,4767,4846,24165,24161,15118,71,4904,24158,133],"class_list":{"0":"post-120225","1":"post","2":"type-post","3":"status-publish","4":"format-standard","5":"has-post-thumbnail","7":"category-sante","8":"tag-altitude","9":"tag-aout","10":"tag-brulures","11":"tag-coups-de-soleil","12":"tag-eclaircies","13":"tag-eleve","14":"tag-ete","15":"tag-fr","16":"tag-france","17":"tag-health","18":"tag-indice-uv","19":"tag-mai","20":"tag-mediterranee","21":"tag-meteo-en-france","22":"tag-minutes","23":"tag-nord","24":"tag-printemps","25":"tag-protection","26":"tag-rayonnement","27":"tag-rayons-uv","28":"tag-reliefs","29":"tag-sante","30":"tag-soleil","31":"tag-temps-ensoleille-et-sec","32":"tag-video"},"share_on_mastodon":{"url":"https:\/\/pubeurope.com\/@fr\/114553211219518597","error":""},"_links":{"self":[{"href":"https:\/\/www.europesays.com\/fr\/wp-json\/wp\/v2\/posts\/120225","targetHints":{"allow":["GET"]}}],"collection":[{"href":"https:\/\/www.europesays.com\/fr\/wp-json\/wp\/v2\/posts"}],"about":[{"href":"https:\/\/www.europesays.com\/fr\/wp-json\/wp\/v2\/types\/post"}],"author":[{"embeddable":true,"href":"https:\/\/www.europesays.com\/fr\/wp-json\/wp\/v2\/users\/2"}],"replies":[{"embeddable":true,"href":"https:\/\/www.europesays.com\/fr\/wp-json\/wp\/v2\/comments?post=120225"}],"version-history":[{"count":0,"href":"https:\/\/www.europesays.com\/fr\/wp-json\/wp\/v2\/posts\/120225\/revisions"}],"wp:featuredmedia":[{"embeddable":true,"href":"https:\/\/www.europesays.com\/fr\/wp-json\/wp\/v2\/media\/120226"}],"wp:attachment":[{"href":"https:\/\/www.europesays.com\/fr\/wp-json\/wp\/v2\/media?parent=120225"}],"wp:term":[{"taxonomy":"category","embeddable":true,"href":"https:\/\/www.europesays.com\/fr\/wp-json\/wp\/v2\/categories?post=120225"},{"taxonomy":"post_tag","embeddable":true,"href":"https:\/\/www.europesays.com\/fr\/wp-json\/wp\/v2\/tags?post=120225"}],"curies":[{"name":"wp","href":"https:\/\/api.w.org\/{rel}","templated":true}]}}